{"id":4542,"date":"2022-08-05T12:15:03","date_gmt":"2022-08-05T16:15:03","guid":{"rendered":"https:\/\/radioprimiciapelluhue.cl\/?p=4542"},"modified":"2022-08-05T12:15:04","modified_gmt":"2022-08-05T16:15:04","slug":"corte-de-energia-programado","status":"publish","type":"post","link":"https:\/\/radioprimiciapelluhue.cl\/?p=4542","title":{"rendered":"<strong>CORTE DE ENERGIA PROGRAMADO<\/strong>"},"content":{"rendered":"\n<p>CGE informa a sus clientes de la comuna de Cauquenes, que el d\u00eda viernes 05 de agosto 2022, se realizar\u00e1 un corte programado de suministro el\u00e9ctrico, en horario de 10:30 a 16:30 horas, a<\/p>\n\n\n\n<p>ra\u00edz de trabajos de mantenimiento, los<\/p>\n\n\n\n<p>sectores afectados ser\u00e1n:<\/p>\n\n\n\n<p>Calle Montt entre O&#8217;Higgins y Victoria<\/p>\n\n\n\n<p>Calle P\u00e9rez entre Chacabuco y Victoria<\/p>\n\n\n\n<p>Calle Err\u00e1zuriz entre Yungay y Chacabuco<\/p>\n\n\n\n<p>Calle Chacabuco entre San Ignacio y Diagonal<\/p>\n\n\n\n<p>Calle O&#8217;Higgins entre P\u00e9rez y Montt<\/p>\n\n\n\n<p>Calle Antonio Varas entre Balmaceda y Bulnes<\/p>\n\n\n\n<p>Calle Victoria entre P\u00e9rez y San Ignacio<\/p>\n\n\n\n<p>GE lamenta los inconvenientes que esta interrupci\u00f3n pueda<\/p>\n\n\n\n<p>ocasionar entre sus clientes y recuerda que toda consulta, puede ser derivada al Fono Clientes 800 800 767 o al canal de Twitter @CGE_CLIENTES, ambos con atenci\u00f3n las 24 horas del d\u00eda. Para una atenci\u00f3n m\u00e1s expedita, es importante que las personas tengan a mano su n\u00famero de cliente, que se encuentra impreso en la parte superior de su boleta.<\/p>\n\n\n\n<figure class=\"wp-block-image size-large\"><a href=\"https:\/\/radioprimiciapelluhue.cl\/wp-content\/uploads\/2022\/08\/297752057_2462703327202783_5661986428221064290_n.jpg\"><img loading=\"lazy\" decoding=\"async\" width=\"1024\" height=\"998\" src=\"https:\/\/radioprimiciapelluhue.cl\/wp-content\/uploads\/2022\/08\/297752057_2462703327202783_5661986428221064290_n-1024x998.jpg\" alt=\"\" class=\"wp-image-4543\" srcset=\"https:\/\/radioprimiciapelluhue.cl\/wp-content\/uploads\/2022\/08\/297752057_2462703327202783_5661986428221064290_n-1024x998.jpg 1024w, https:\/\/radioprimiciapelluhue.cl\/wp-content\/uploads\/2022\/08\/297752057_2462703327202783_5661986428221064290_n-300x292.jpg 300w, https:\/\/radioprimiciapelluhue.cl\/wp-content\/uploads\/2022\/08\/297752057_2462703327202783_5661986428221064290_n-768x748.jpg 768w, https:\/\/radioprimiciapelluhue.cl\/wp-content\/uploads\/2022\/08\/297752057_2462703327202783_5661986428221064290_n.jpg 1100w\" sizes=\"auto, (max-width: 1024px) 100vw, 1024px\" \/><\/a><\/figure>\n","protected":false},"excerpt":{"rendered":"<p>CGE informa a sus clientes de la comuna de Cauquenes, que el d\u00eda viernes 05 de agosto 2022, se realizar\u00e1 un corte programado de suministro el\u00e9ctrico, en horario de 10:30 a 16:30 horas, a ra\u00edz de trabajos de mantenimiento, los sectores afectados ser\u00e1n: Calle Montt entre O&#8217;Higgins y Victoria Calle P\u00e9rez entre Chacabuco y Victoria [&hellip;]<\/p>\n","protected":false},"author":2,"featured_media":4540,"comment_status":"closed","ping_status":"closed","sticky":false,"template":"","format":"standard","meta":{"footnotes":""},"categories":[61],"tags":[],"class_list":["post-4542","post","type-post","status-publish","format-standard","has-post-thumbnail","hentry","category-informativo"],"_links":{"self":[{"href":"https:\/\/radioprimiciapelluhue.cl\/index.php?rest_route=\/wp\/v2\/posts\/4542","targetHints":{"allow":["GET"]}}],"collection":[{"href":"https:\/\/radioprimiciapelluhue.cl\/index.php?rest_route=\/wp\/v2\/posts"}],"about":[{"href":"https:\/\/radioprimiciapelluhue.cl\/index.php?rest_route=\/wp\/v2\/types\/post"}],"author":[{"embeddable":true,"href":"https:\/\/radioprimiciapelluhue.cl\/index.php?rest_route=\/wp\/v2\/users\/2"}],"replies":[{"embeddable":true,"href":"https:\/\/radioprimiciapelluhue.cl\/index.php?rest_route=%2Fwp%2Fv2%2Fcomments&post=4542"}],"version-history":[{"count":1,"href":"https:\/\/radioprimiciapelluhue.cl\/index.php?rest_route=\/wp\/v2\/posts\/4542\/revisions"}],"predecessor-version":[{"id":4544,"href":"https:\/\/radioprimiciapelluhue.cl\/index.php?rest_route=\/wp\/v2\/posts\/4542\/revisions\/4544"}],"wp:featuredmedia":[{"embeddable":true,"href":"https:\/\/radioprimiciapelluhue.cl\/index.php?rest_route=\/wp\/v2\/media\/4540"}],"wp:attachment":[{"href":"https:\/\/radioprimiciapelluhue.cl\/index.php?rest_route=%2Fwp%2Fv2%2Fmedia&parent=4542"}],"wp:term":[{"taxonomy":"category","embeddable":true,"href":"https:\/\/radioprimiciapelluhue.cl\/index.php?rest_route=%2Fwp%2Fv2%2Fcategories&post=4542"},{"taxonomy":"post_tag","embeddable":true,"href":"https:\/\/radioprimiciapelluhue.cl\/index.php?rest_route=%2Fwp%2Fv2%2Ftags&post=4542"}],"curies":[{"name":"wp","href":"https:\/\/api.w.org\/{rel}","templated":true}]}}