{"id":4545,"date":"2022-08-05T12:23:43","date_gmt":"2022-08-05T16:23:43","guid":{"rendered":"https:\/\/radioprimiciapelluhue.cl\/?p=4545"},"modified":"2022-08-05T12:23:44","modified_gmt":"2022-08-05T16:23:44","slug":"clinica-y-centro-medico-san-rafael","status":"publish","type":"post","link":"https:\/\/radioprimiciapelluhue.cl\/?p=4545","title":{"rendered":"<strong>CLINICA Y CENTRO MEDICO SAN RAFAEL<\/strong>"},"content":{"rendered":"\n<p>En San Rafael estamos continuamente trabajando para entregar una atenci\u00f3n de calidad a los pacientes de nuestro Servicio de Urgencia.<\/p>\n\n\n\n<p>Si tienes una emergencia, puedes venir a nuestras dependencias de Antonio Varas 720, Cauquenes, contamos con m\u00e9dicos de turno, ex\u00e1menes de laboratorio y rayos de lunes a domingo.<\/p>\n\n\n\n<p><a href=\"https:\/\/www.facebook.com\/hashtag\/vacunacion?__eep__=6&amp;__cft__%5b0%5d=AZXv72aILlxE74nZ-FDTz-SRKJ3KUHP1fZWM9U5m6gH9Mpp_uktoz9uT8x-nMmnqRHzOuBUddmar8dpFr3BTmFtoWO8HxOyZ21R8JyTkXbO3Ej1snXhTXo0VXsAgEERic5KLXXavyRpTycwcV6uarxLNEtGzHIjPBTPLaSYEOLLslHDE6DbjVED1fb6f5RKTanMvb3Ytd6hF4ozCeUaSTl-6&amp;__tn__=*NK-R\">#vacunacion<\/a> <a href=\"https:\/\/www.facebook.com\/hashtag\/covid_19?__eep__=6&amp;__cft__%5b0%5d=AZXv72aILlxE74nZ-FDTz-SRKJ3KUHP1fZWM9U5m6gH9Mpp_uktoz9uT8x-nMmnqRHzOuBUddmar8dpFr3BTmFtoWO8HxOyZ21R8JyTkXbO3Ej1snXhTXo0VXsAgEERic5KLXXavyRpTycwcV6uarxLNEtGzHIjPBTPLaSYEOLLslHDE6DbjVED1fb6f5RKTanMvb3Ytd6hF4ozCeUaSTl-6&amp;__tn__=*NK-R\">#covid_19<\/a> <a href=\"https:\/\/www.facebook.com\/hashtag\/pandemia2022?__eep__=6&amp;__cft__%5b0%5d=AZXv72aILlxE74nZ-FDTz-SRKJ3KUHP1fZWM9U5m6gH9Mpp_uktoz9uT8x-nMmnqRHzOuBUddmar8dpFr3BTmFtoWO8HxOyZ21R8JyTkXbO3Ej1snXhTXo0VXsAgEERic5KLXXavyRpTycwcV6uarxLNEtGzHIjPBTPLaSYEOLLslHDE6DbjVED1fb6f5RKTanMvb3Ytd6hF4ozCeUaSTl-6&amp;__tn__=*NK-R\">#pandemia2022<\/a> <a href=\"https:\/\/www.facebook.com\/hashtag\/pasedemovilidad?__eep__=6&amp;__cft__%5b0%5d=AZXv72aILlxE74nZ-FDTz-SRKJ3KUHP1fZWM9U5m6gH9Mpp_uktoz9uT8x-nMmnqRHzOuBUddmar8dpFr3BTmFtoWO8HxOyZ21R8JyTkXbO3Ej1snXhTXo0VXsAgEERic5KLXXavyRpTycwcV6uarxLNEtGzHIjPBTPLaSYEOLLslHDE6DbjVED1fb6f5RKTanMvb3Ytd6hF4ozCeUaSTl-6&amp;__tn__=*NK-R\">#pasedemovilidad<\/a> <a href=\"https:\/\/www.facebook.com\/hashtag\/cuartadosis?__eep__=6&amp;__cft__%5b0%5d=AZXv72aILlxE74nZ-FDTz-SRKJ3KUHP1fZWM9U5m6gH9Mpp_uktoz9uT8x-nMmnqRHzOuBUddmar8dpFr3BTmFtoWO8HxOyZ21R8JyTkXbO3Ej1snXhTXo0VXsAgEERic5KLXXavyRpTycwcV6uarxLNEtGzHIjPBTPLaSYEOLLslHDE6DbjVED1fb6f5RKTanMvb3Ytd6hF4ozCeUaSTl-6&amp;__tn__=*NK-R\">#cuartadosis<\/a><\/p>\n\n\n\n<p>(73) 228 7025<\/p>\n\n\n\n<p>Con el desarrollo que ha tenido la cirug\u00eda laparoscop\u00eda para reducir el impacto al paciente, en el Centro de Salud San Rafael hemos apostado por la innovaci\u00f3n, es por que nuestro equipo de Cirug\u00eda General est\u00e1 realizando constantes intervenciones quir\u00fargicas con nuestra torre de alta tecnolog\u00eda Karl Storz, pioneros en el campo de la reproducci\u00f3n de im\u00e1genes endosc\u00f3picas.<\/p>\n\n\n\n<p><a href=\"https:\/\/www.facebook.com\/watch\/?v=753789505945087&amp;extid=NS-UNK-UNK-UNK-IOS_GK0T-GK1C-GK2C&amp;ref=sharing\">https:\/\/www.facebook.com\/watch\/?v=753789505945087&amp;extid=NS-UNK-UNK-UNK-IOS_GK0T-GK1C-GK2C&amp;ref=sharing<\/a><\/p>\n\n\n\n<figure class=\"wp-block-image size-large\"><a href=\"https:\/\/radioprimiciapelluhue.cl\/wp-content\/uploads\/2022\/08\/san-rafa.jpeg\"><img loading=\"lazy\" decoding=\"async\" width=\"1024\" height=\"1024\" src=\"https:\/\/radioprimiciapelluhue.cl\/wp-content\/uploads\/2022\/08\/san-rafa-1024x1024.jpeg\" alt=\"\" class=\"wp-image-4546\" srcset=\"https:\/\/radioprimiciapelluhue.cl\/wp-content\/uploads\/2022\/08\/san-rafa-1024x1024.jpeg 1024w, https:\/\/radioprimiciapelluhue.cl\/wp-content\/uploads\/2022\/08\/san-rafa-300x300.jpeg 300w, https:\/\/radioprimiciapelluhue.cl\/wp-content\/uploads\/2022\/08\/san-rafa-150x150.jpeg 150w, https:\/\/radioprimiciapelluhue.cl\/wp-content\/uploads\/2022\/08\/san-rafa-768x769.jpeg 768w, https:\/\/radioprimiciapelluhue.cl\/wp-content\/uploads\/2022\/08\/san-rafa-520x520.jpeg 520w, https:\/\/radioprimiciapelluhue.cl\/wp-content\/uploads\/2022\/08\/san-rafa-800x800.jpeg 800w, https:\/\/radioprimiciapelluhue.cl\/wp-content\/uploads\/2022\/08\/san-rafa-120x120.jpeg 120w, https:\/\/radioprimiciapelluhue.cl\/wp-content\/uploads\/2022\/08\/san-rafa.jpeg 1279w\" sizes=\"auto, (max-width: 1024px) 100vw, 1024px\" \/><\/a><\/figure>\n","protected":false},"excerpt":{"rendered":"<p>En San Rafael estamos continuamente trabajando para entregar una atenci\u00f3n de calidad a los pacientes de nuestro Servicio de Urgencia. Si tienes una emergencia, puedes venir a nuestras dependencias de Antonio Varas 720, Cauquenes, contamos con m\u00e9dicos de turno, ex\u00e1menes de laboratorio y rayos de lunes a domingo. #vacunacion #covid_19 #pandemia2022 #pasedemovilidad #cuartadosis (73) 228 [&hellip;]<\/p>\n","protected":false},"author":2,"featured_media":4547,"comment_status":"closed","ping_status":"closed","sticky":false,"template":"","format":"standard","meta":{"footnotes":""},"categories":[61],"tags":[],"class_list":["post-4545","post","type-post","status-publish","format-standard","has-post-thumbnail","hentry","category-informativo"],"_links":{"self":[{"href":"https:\/\/radioprimiciapelluhue.cl\/index.php?rest_route=\/wp\/v2\/posts\/4545","targetHints":{"allow":["GET"]}}],"collection":[{"href":"https:\/\/radioprimiciapelluhue.cl\/index.php?rest_route=\/wp\/v2\/posts"}],"about":[{"href":"https:\/\/radioprimiciapelluhue.cl\/index.php?rest_route=\/wp\/v2\/types\/post"}],"author":[{"embeddable":true,"href":"https:\/\/radioprimiciapelluhue.cl\/index.php?rest_route=\/wp\/v2\/users\/2"}],"replies":[{"embeddable":true,"href":"https:\/\/radioprimiciapelluhue.cl\/index.php?rest_route=%2Fwp%2Fv2%2Fcomments&post=4545"}],"version-history":[{"count":1,"href":"https:\/\/radioprimiciapelluhue.cl\/index.php?rest_route=\/wp\/v2\/posts\/4545\/revisions"}],"predecessor-version":[{"id":4548,"href":"https:\/\/radioprimiciapelluhue.cl\/index.php?rest_route=\/wp\/v2\/posts\/4545\/revisions\/4548"}],"wp:featuredmedia":[{"embeddable":true,"href":"https:\/\/radioprimiciapelluhue.cl\/index.php?rest_route=\/wp\/v2\/media\/4547"}],"wp:attachment":[{"href":"https:\/\/radioprimiciapelluhue.cl\/index.php?rest_route=%2Fwp%2Fv2%2Fmedia&parent=4545"}],"wp:term":[{"taxonomy":"category","embeddable":true,"href":"https:\/\/radioprimiciapelluhue.cl\/index.php?rest_route=%2Fwp%2Fv2%2Fcategories&post=4545"},{"taxonomy":"post_tag","embeddable":true,"href":"https:\/\/radioprimiciapelluhue.cl\/index.php?rest_route=%2Fwp%2Fv2%2Ftags&post=4545"}],"curies":[{"name":"wp","href":"https:\/\/api.w.org\/{rel}","templated":true}]}}