{"id":4853,"date":"2022-12-03T11:49:58","date_gmt":"2022-12-03T15:49:58","guid":{"rendered":"http:\/\/radioprimiciapelluhue.cl\/?p=4853"},"modified":"2022-12-03T11:49:59","modified_gmt":"2022-12-03T15:49:59","slug":"aviso-de-corte-programado-5","status":"publish","type":"post","link":"https:\/\/radioprimiciapelluhue.cl\/?p=4853","title":{"rendered":"<strong>AVISO DE CORTE PROGRAMADO<\/strong>"},"content":{"rendered":"\n<p>CGE informa a sus clientes de la comuna de <strong>Cauquenes<\/strong>, que el d\u00eda <strong>domingo 04 de diciembre 2022<\/strong>, se realizar\u00e1 un corte programado de suministro el\u00e9ctrico, en <strong>horario de 08:30 a 14:30 horas<\/strong>, a ra\u00edz de trabajos de mantenimiento, los sectores afectados ser\u00e1n:<\/p>\n\n\n\n<p><strong>Calle San Francisco entre San Ignacio y Catedral.<\/strong><\/p>\n\n\n\n<p><strong>Calle Eyzaguirre entre San Ignacio y Claudina Urrutia.<\/strong><\/p>\n\n\n\n<p><strong>Calle Carrera Pinto entre Yungay y Eyzaguirre.<\/strong><\/p>\n\n\n\n<p><strong>Calle Balmaceda entre Yungay y Rivera del R\u00edo.<\/strong><\/p>\n\n\n\n<p><strong>Calle Catedral entre Eyzaguirre y Rivera del R\u00edo.<\/strong> CGE lamenta los inconvenientes que esta interrupci\u00f3n pueda ocasionar entre sus clientes y recuerda que toda consulta, puede ser derivada al\u00a0 Fono Clientes 800 800 767 o al canal de Twitter @CGE_CLIENTES, ambos con atenci\u00f3n las 24 horas del d\u00eda. Para una atenci\u00f3n m\u00e1s expedita, es importante que las personas tengan a mano su n\u00famero de cliente, que se encuentra impreso en la parte superior de su boleta.<\/p>\n\n\n\n<figure class=\"wp-block-image size-large\"><a href=\"http:\/\/radioprimiciapelluhue.cl\/wp-content\/uploads\/2021\/06\/CORTE-DE-LUZ.jpg\"><img loading=\"lazy\" decoding=\"async\" width=\"1024\" height=\"1024\" src=\"http:\/\/radioprimiciapelluhue.cl\/wp-content\/uploads\/2021\/06\/CORTE-DE-LUZ-1024x1024.jpg\" alt=\"\" class=\"wp-image-3116\" srcset=\"https:\/\/radioprimiciapelluhue.cl\/wp-content\/uploads\/2021\/06\/CORTE-DE-LUZ-1024x1024.jpg 1024w, https:\/\/radioprimiciapelluhue.cl\/wp-content\/uploads\/2021\/06\/CORTE-DE-LUZ-300x300.jpg 300w, https:\/\/radioprimiciapelluhue.cl\/wp-content\/uploads\/2021\/06\/CORTE-DE-LUZ-150x150.jpg 150w, https:\/\/radioprimiciapelluhue.cl\/wp-content\/uploads\/2021\/06\/CORTE-DE-LUZ-768x768.jpg 768w, https:\/\/radioprimiciapelluhue.cl\/wp-content\/uploads\/2021\/06\/CORTE-DE-LUZ-1536x1536.jpg 1536w, https:\/\/radioprimiciapelluhue.cl\/wp-content\/uploads\/2021\/06\/CORTE-DE-LUZ-520x520.jpg 520w, https:\/\/radioprimiciapelluhue.cl\/wp-content\/uploads\/2021\/06\/CORTE-DE-LUZ-800x800.jpg 800w, https:\/\/radioprimiciapelluhue.cl\/wp-content\/uploads\/2021\/06\/CORTE-DE-LUZ-120x120.jpg 120w, https:\/\/radioprimiciapelluhue.cl\/wp-content\/uploads\/2021\/06\/CORTE-DE-LUZ.jpg 2048w\" sizes=\"auto, (max-width: 1024px) 100vw, 1024px\" \/><\/a><\/figure>\n","protected":false},"excerpt":{"rendered":"<p>CGE informa a sus clientes de la comuna de Cauquenes, que el d\u00eda domingo 04 de diciembre 2022, se realizar\u00e1 un corte programado de suministro el\u00e9ctrico, en horario de 08:30 a 14:30 horas, a ra\u00edz de trabajos de mantenimiento, los sectores afectados ser\u00e1n: Calle San Francisco entre San Ignacio y Catedral. Calle Eyzaguirre entre San [&hellip;]<\/p>\n","protected":false},"author":1,"featured_media":4854,"comment_status":"closed","ping_status":"closed","sticky":false,"template":"","format":"standard","meta":{"footnotes":""},"categories":[61],"tags":[],"class_list":["post-4853","post","type-post","status-publish","format-standard","has-post-thumbnail","hentry","category-informativo"],"_links":{"self":[{"href":"https:\/\/radioprimiciapelluhue.cl\/index.php?rest_route=\/wp\/v2\/posts\/4853","targetHints":{"allow":["GET"]}}],"collection":[{"href":"https:\/\/radioprimiciapelluhue.cl\/index.php?rest_route=\/wp\/v2\/posts"}],"about":[{"href":"https:\/\/radioprimiciapelluhue.cl\/index.php?rest_route=\/wp\/v2\/types\/post"}],"author":[{"embeddable":true,"href":"https:\/\/radioprimiciapelluhue.cl\/index.php?rest_route=\/wp\/v2\/users\/1"}],"replies":[{"embeddable":true,"href":"https:\/\/radioprimiciapelluhue.cl\/index.php?rest_route=%2Fwp%2Fv2%2Fcomments&post=4853"}],"version-history":[{"count":1,"href":"https:\/\/radioprimiciapelluhue.cl\/index.php?rest_route=\/wp\/v2\/posts\/4853\/revisions"}],"predecessor-version":[{"id":4855,"href":"https:\/\/radioprimiciapelluhue.cl\/index.php?rest_route=\/wp\/v2\/posts\/4853\/revisions\/4855"}],"wp:featuredmedia":[{"embeddable":true,"href":"https:\/\/radioprimiciapelluhue.cl\/index.php?rest_route=\/wp\/v2\/media\/4854"}],"wp:attachment":[{"href":"https:\/\/radioprimiciapelluhue.cl\/index.php?rest_route=%2Fwp%2Fv2%2Fmedia&parent=4853"}],"wp:term":[{"taxonomy":"category","embeddable":true,"href":"https:\/\/radioprimiciapelluhue.cl\/index.php?rest_route=%2Fwp%2Fv2%2Fcategories&post=4853"},{"taxonomy":"post_tag","embeddable":true,"href":"https:\/\/radioprimiciapelluhue.cl\/index.php?rest_route=%2Fwp%2Fv2%2Ftags&post=4853"}],"curies":[{"name":"wp","href":"https:\/\/api.w.org\/{rel}","templated":true}]}}