{"id":5126,"date":"2023-02-15T17:28:48","date_gmt":"2023-02-15T21:28:48","guid":{"rendered":"http:\/\/radioprimiciapelluhue.cl\/?p=5126"},"modified":"2023-02-15T17:28:48","modified_gmt":"2023-02-15T21:28:48","slug":"gobierno-regional-del-maule-puso-a-disposicion-el-instructivo-para-postular-a-iniciativas-del-8-2023","status":"publish","type":"post","link":"https:\/\/radioprimiciapelluhue.cl\/?p=5126","title":{"rendered":"<strong>Gobierno Regional del Maule puso a disposici\u00f3n el instructivo para postular a iniciativas del 8% 2023<\/strong>"},"content":{"rendered":"\n<ul class=\"wp-block-list\">\n<li><em>La Gobernadora Regional del Maule Cristina Bravo, indic\u00f3 que toda la documentaci\u00f3n necesaria la pueden encontrar en la p\u00e1gina web <\/em><a href=\"http:\/\/www.goremaule.cl\"><em>www.goremaule.cl<\/em><\/a><em>&nbsp; y el plazo para &nbsp;postular es hasta el 19 de marzo.<\/em><\/li>\n<\/ul>\n\n\n\n<p>La Gobernadora Regional del Maule Cristina Bravo, inform\u00f3 a la comunidad que ya est\u00e1 disponible el instructivo para postular a iniciativas del 8%, s\u00f3lo deben ingresar a la p\u00e1gina web <a href=\"http:\/\/www.goremaule.cl\">www.goremaule.cl<\/a>, y tener iniciativas relacionadas con la cultura, el deporte, medio ambiente y seguridad ciudadana.<\/p>\n\n\n\n<p>La m\u00e1xima autoridad regional adem\u00e1s di\u00f3 a conocer que se realizaron capacitaciones en gran parte de las comunas de la Regi\u00f3n del Maule, por lo que est\u00e1n invitando a las instituciones privadas sin fines de lucro, organizaciones de la sociedad civil y agrupaciones comunitarias sin fines de lucro, a participar de las capacitaciones y postular a los proyectos.<\/p>\n\n\n\n<p>\u201cQueremos hacer un llamado a todos los dirigentes sociales de la Regi\u00f3n del Maule, a las organizaciones, juntas de vecinos, clubes deportivos, los centros de la mujer, todas las organizaciones de la sociedad civil, para que puedan postular al 8% y puedanejecutar proyectos deportivos, culturales, de seguridad y de protecci\u00f3n del medioambiente\u201d, indic\u00f3 Cristina Bravo, Gobernadora Regional del Maule.<\/p>\n\n\n\n<p>Adem\u00e1s la m\u00e1xima autoridad regional agreg\u00f3, \u201cla idea es que los dirigentes sociales puedan tener muchas herramientas para hacer sus actividades y su trabajo con toda la comunidad a la cual representan\u201d.<\/p>\n\n\n\n<p>Las postulaciones comenzaron el 08 de febrero y terminan el 19 de marzo de 2032, por lo que las organizaciones ya deben empezar a trabajar en sus proyectos que mejoren la calidad de vida de los maulinos y maulinas, que contribuyan al desarrollo e integraci\u00f3n regional, provincial y local, enfatizando en propuestas inclusivas, en sectores vulnerables y grupos de riesgo.<\/p>\n\n\n\n<p>Finalmente, se informa que nuestros equipos de profesionales siguen a disposici\u00f3n de la comunidad, de manera de resolver sus dudas y consultas, asimismo, se impartir\u00e1n algunas charlas de capacitaci\u00f3n en aquellas comunas en las cuales por uno u otro motivo no fue posible en su oportunidad, tal como la que se llevar\u00e1 a cabo el mi\u00e9rcoles 15 de febrero a las 19:00 horas en el centro parroquial de la comuna de Romeral y a la misma hora en la sede de la Uni\u00f3n Comunal de Teno.<\/p>\n\n\n\n<p>El jueves 16 de febrero las capacitaciones del 8% para los dirigentes sociales ser\u00e1n en Molina y Rauco y el viernes 17 de febrero en Huala\u00f1\u00e9 y Licant\u00e9n, todas las charlas se llevar\u00e1n a cabo a las 19:00 horas.<\/p>\n\n\n\n<figure class=\"wp-block-image size-large\"><a href=\"http:\/\/radioprimiciapelluhue.cl\/wp-content\/uploads\/2023\/02\/PHOTO-2022-11-13-21-13-04.jpg\"><img loading=\"lazy\" decoding=\"async\" width=\"1024\" height=\"682\" src=\"http:\/\/radioprimiciapelluhue.cl\/wp-content\/uploads\/2023\/02\/PHOTO-2022-11-13-21-13-04-1024x682.jpg\" alt=\"\" class=\"wp-image-5127\" srcset=\"https:\/\/radioprimiciapelluhue.cl\/wp-content\/uploads\/2023\/02\/PHOTO-2022-11-13-21-13-04-1024x682.jpg 1024w, https:\/\/radioprimiciapelluhue.cl\/wp-content\/uploads\/2023\/02\/PHOTO-2022-11-13-21-13-04-300x200.jpg 300w, https:\/\/radioprimiciapelluhue.cl\/wp-content\/uploads\/2023\/02\/PHOTO-2022-11-13-21-13-04-768x511.jpg 768w, https:\/\/radioprimiciapelluhue.cl\/wp-content\/uploads\/2023\/02\/PHOTO-2022-11-13-21-13-04.jpg 1280w\" sizes=\"auto, (max-width: 1024px) 100vw, 1024px\" \/><\/a><\/figure>\n\n\n\n<figure class=\"wp-block-image size-large\"><a href=\"http:\/\/radioprimiciapelluhue.cl\/wp-content\/uploads\/2023\/02\/PHOTO-2022-11-15-13-13-59.jpg\"><img loading=\"lazy\" decoding=\"async\" width=\"1024\" height=\"682\" src=\"http:\/\/radioprimiciapelluhue.cl\/wp-content\/uploads\/2023\/02\/PHOTO-2022-11-15-13-13-59-1024x682.jpg\" alt=\"\" class=\"wp-image-5128\" srcset=\"https:\/\/radioprimiciapelluhue.cl\/wp-content\/uploads\/2023\/02\/PHOTO-2022-11-15-13-13-59-1024x682.jpg 1024w, https:\/\/radioprimiciapelluhue.cl\/wp-content\/uploads\/2023\/02\/PHOTO-2022-11-15-13-13-59-300x200.jpg 300w, https:\/\/radioprimiciapelluhue.cl\/wp-content\/uploads\/2023\/02\/PHOTO-2022-11-15-13-13-59-768x511.jpg 768w, https:\/\/radioprimiciapelluhue.cl\/wp-content\/uploads\/2023\/02\/PHOTO-2022-11-15-13-13-59.jpg 1280w\" sizes=\"auto, (max-width: 1024px) 100vw, 1024px\" \/><\/a><\/figure>\n\n\n\n<figure class=\"wp-block-image size-large\"><a href=\"http:\/\/radioprimiciapelluhue.cl\/wp-content\/uploads\/2023\/02\/PHOTO-2022-12-05-19-07-10.jpg\"><img loading=\"lazy\" decoding=\"async\" width=\"1024\" height=\"682\" src=\"http:\/\/radioprimiciapelluhue.cl\/wp-content\/uploads\/2023\/02\/PHOTO-2022-12-05-19-07-10-1024x682.jpg\" alt=\"\" class=\"wp-image-5129\" srcset=\"https:\/\/radioprimiciapelluhue.cl\/wp-content\/uploads\/2023\/02\/PHOTO-2022-12-05-19-07-10-1024x682.jpg 1024w, https:\/\/radioprimiciapelluhue.cl\/wp-content\/uploads\/2023\/02\/PHOTO-2022-12-05-19-07-10-300x200.jpg 300w, https:\/\/radioprimiciapelluhue.cl\/wp-content\/uploads\/2023\/02\/PHOTO-2022-12-05-19-07-10-768x511.jpg 768w, https:\/\/radioprimiciapelluhue.cl\/wp-content\/uploads\/2023\/02\/PHOTO-2022-12-05-19-07-10.jpg 1280w\" sizes=\"auto, (max-width: 1024px) 100vw, 1024px\" \/><\/a><\/figure>\n\n\n\n<figure class=\"wp-block-image size-large\"><a href=\"http:\/\/radioprimiciapelluhue.cl\/wp-content\/uploads\/2023\/02\/PHOTO-2022-12-05-20-36-26.jpg\"><img loading=\"lazy\" decoding=\"async\" width=\"1024\" height=\"682\" src=\"http:\/\/radioprimiciapelluhue.cl\/wp-content\/uploads\/2023\/02\/PHOTO-2022-12-05-20-36-26-1024x682.jpg\" alt=\"\" class=\"wp-image-5130\" srcset=\"https:\/\/radioprimiciapelluhue.cl\/wp-content\/uploads\/2023\/02\/PHOTO-2022-12-05-20-36-26-1024x682.jpg 1024w, https:\/\/radioprimiciapelluhue.cl\/wp-content\/uploads\/2023\/02\/PHOTO-2022-12-05-20-36-26-300x200.jpg 300w, https:\/\/radioprimiciapelluhue.cl\/wp-content\/uploads\/2023\/02\/PHOTO-2022-12-05-20-36-26-768x511.jpg 768w, https:\/\/radioprimiciapelluhue.cl\/wp-content\/uploads\/2023\/02\/PHOTO-2022-12-05-20-36-26.jpg 1280w\" sizes=\"auto, (max-width: 1024px) 100vw, 1024px\" \/><\/a><\/figure>\n","protected":false},"excerpt":{"rendered":"<p>La Gobernadora Regional del Maule Cristina Bravo, inform\u00f3 a la comunidad que ya est\u00e1 disponible el instructivo para postular a iniciativas del 8%, s\u00f3lo deben ingresar a la p\u00e1gina web www.goremaule.cl, y tener iniciativas relacionadas con la cultura, el deporte, medio ambiente y seguridad ciudadana. La m\u00e1xima autoridad regional adem\u00e1s di\u00f3 a conocer que se [&hellip;]<\/p>\n","protected":false},"author":1,"featured_media":5131,"comment_status":"closed","ping_status":"closed","sticky":false,"template":"","format":"standard","meta":{"footnotes":""},"categories":[2],"tags":[],"class_list":["post-5126","post","type-post","status-publish","format-standard","has-post-thumbnail","hentry","category-noticias"],"_links":{"self":[{"href":"https:\/\/radioprimiciapelluhue.cl\/index.php?rest_route=\/wp\/v2\/posts\/5126","targetHints":{"allow":["GET"]}}],"collection":[{"href":"https:\/\/radioprimiciapelluhue.cl\/index.php?rest_route=\/wp\/v2\/posts"}],"about":[{"href":"https:\/\/radioprimiciapelluhue.cl\/index.php?rest_route=\/wp\/v2\/types\/post"}],"author":[{"embeddable":true,"href":"https:\/\/radioprimiciapelluhue.cl\/index.php?rest_route=\/wp\/v2\/users\/1"}],"replies":[{"embeddable":true,"href":"https:\/\/radioprimiciapelluhue.cl\/index.php?rest_route=%2Fwp%2Fv2%2Fcomments&post=5126"}],"version-history":[{"count":1,"href":"https:\/\/radioprimiciapelluhue.cl\/index.php?rest_route=\/wp\/v2\/posts\/5126\/revisions"}],"predecessor-version":[{"id":5132,"href":"https:\/\/radioprimiciapelluhue.cl\/index.php?rest_route=\/wp\/v2\/posts\/5126\/revisions\/5132"}],"wp:featuredmedia":[{"embeddable":true,"href":"https:\/\/radioprimiciapelluhue.cl\/index.php?rest_route=\/wp\/v2\/media\/5131"}],"wp:attachment":[{"href":"https:\/\/radioprimiciapelluhue.cl\/index.php?rest_route=%2Fwp%2Fv2%2Fmedia&parent=5126"}],"wp:term":[{"taxonomy":"category","embeddable":true,"href":"https:\/\/radioprimiciapelluhue.cl\/index.php?rest_route=%2Fwp%2Fv2%2Fcategories&post=5126"},{"taxonomy":"post_tag","embeddable":true,"href":"https:\/\/radioprimiciapelluhue.cl\/index.php?rest_route=%2Fwp%2Fv2%2Ftags&post=5126"}],"curies":[{"name":"wp","href":"https:\/\/api.w.org\/{rel}","templated":true}]}}