{"id":5229,"date":"2023-04-05T21:17:09","date_gmt":"2023-04-06T01:17:09","guid":{"rendered":"http:\/\/radioprimiciapelluhue.cl\/?p=5229"},"modified":"2023-04-05T21:17:10","modified_gmt":"2023-04-06T01:17:10","slug":"minvu-informa-que-entro-en-vigencia-garantia-estatal-para-acceder-a-creditos-hipotecarios","status":"publish","type":"post","link":"https:\/\/radioprimiciapelluhue.cl\/?p=5229","title":{"rendered":"<strong>Minvu informa que entr\u00f3 en vigencia garant\u00eda estatal para acceder a cr\u00e9ditos hipotecarios<\/strong>"},"content":{"rendered":"\n<ul class=\"wp-block-list\">\n<li><strong><em>La garant\u00eda en vivienda se podr\u00e1 gestionar hasta el 3 de abril de 2024 en nueve instituciones financieras.<\/em><\/strong><\/li>\n\n\n\n<li><strong><em>El beneficio busca incentivar que los bancos financien m\u00e1s del 80% del valor de la vivienda.<\/em><\/strong><\/li>\n<\/ul>\n\n\n\n<p><strong>Santiago, 5 de abril de 2023.<\/strong>&nbsp;El El Ministerio de Vivienda y Urbanismo inform\u00f3 que este mi\u00e9rcoles entr\u00f3 en vigencia el Programa de Garant\u00edas Apoyo a la Vivienda, iniciativa que incentivar\u00e1 el acceso de las personas y familias a su primera vivienda, nueva o usada, por un valor de hasta 4.500UF gracias a que reducir\u00e1 el pie necesario para acceder a la propiedad.<\/p>\n\n\n\n<p>Este programa, que otorga una garant\u00eda estatal por hasta un 10% del valor de la propiedad, es parte del Fondo de Garant\u00edas Especiales (Fogaes), Ley N\u00b021.543, y busca incentivar a las instituciones financieras a financiar m\u00e1s del 80% del valor de la vivienda.<\/p>\n\n\n\n<p>Seg\u00fan comunic\u00f3 hoy BancoEstado, organismo a cargo del proceso de licitaci\u00f3n del Fogaes, la garant\u00eda en vivienda se podr\u00e1 gestionar hasta el 3 de abril de 2024 en nueve instituciones financieras: BancoEstado, Banco Santander, Scotiabank, Banco Internacional, BCI, Ita\u00fa, Banco BICE, Banco Falabella y Coopeuch.<\/p>\n\n\n\n<p>\u201cLa puesta en marcha de esta garant\u00eda estatal da cuenta del sentido de urgencia con el que enfrentamos la emergencia habitacional. En solo tres meses se tramit\u00f3 la ley y se desarrollaron los instrumentos para su implementaci\u00f3n, y desde hoy las familias y las empresas de la construcci\u00f3n podr\u00e1n obtener cr\u00e9ditos hipotecarios y l\u00edneas de financiamiento en mejores condiciones\u201d, dijo el ministro Montes.<\/p>\n\n\n\n<p>\u201cEn el caso de las personas, estamos respaldando hasta un 10% del pr\u00e9stamo, con el fin de estimular a los bancos a que entreguen al menos el 90% del cr\u00e9dito hipotecario, con ello, reducimos el pie que tendr\u00e1n que colocar las familias, ya que la tendencia del sistema es ofrecer el 80%, lo que genera un impacto en la carga financiera mensual. Estimamos que entre 16 mil y 24 mil las familias podr\u00edan acceder a esta garant\u00eda para obtener su primera vivienda. Esperamos que los bancos no solo act\u00faen como intermediarios del beneficio, sino que tambi\u00e9n mejoren las tasas de inter\u00e9s, porque todos estamos convocados a reducir el d\u00e9ficit habitacional\u201d, agreg\u00f3 el Titular de Vivienda y Urbanismo.<\/p>\n\n\n\n<p><strong>Requisitos<\/strong><\/p>\n\n\n\n<p>Para acceder a este cr\u00e9dito hipotecario, las personas deben acercarse directamente a las instituciones financieras y cumplir con los siguientes requisitos:<\/p>\n\n\n\n<p>o&nbsp;&nbsp;&nbsp;&nbsp;&nbsp;&nbsp;&nbsp;&nbsp;&nbsp;&nbsp;&nbsp;&nbsp; Ser persona natural.<\/p>\n\n\n\n<p>o&nbsp;&nbsp;&nbsp;&nbsp;&nbsp;&nbsp;&nbsp;&nbsp;&nbsp;&nbsp;&nbsp;&nbsp; Que el cr\u00e9dito sea para financiar una primera vivienda con la intenci\u00f3n de habitarla (no ser propietario de una propiedad habitacional.<\/p>\n\n\n\n<p>o&nbsp;&nbsp;&nbsp;&nbsp;&nbsp;&nbsp;&nbsp;&nbsp;&nbsp;&nbsp;&nbsp;&nbsp; Que el valor de la vivienda no supere las UF 4.500.<\/p>\n\n\n\n<p>o&nbsp;&nbsp;&nbsp;&nbsp;&nbsp;&nbsp;&nbsp;&nbsp;&nbsp;&nbsp;&nbsp;&nbsp; No haber recibido ning\u00fan tipo de subsidio o beneficio estatal para el financiamiento de la vivienda.<\/p>\n\n\n\n<p>o&nbsp;&nbsp;&nbsp;&nbsp;&nbsp;&nbsp;&nbsp;&nbsp;&nbsp;&nbsp;&nbsp;&nbsp; No estar con inscripci\u00f3n vigente en el Registro Nacional de Deudores de Pensi\u00f3n de Alimentos.<\/p>\n\n\n\n<p>o&nbsp;&nbsp;&nbsp;&nbsp;&nbsp;&nbsp;&nbsp;&nbsp;&nbsp;&nbsp;&nbsp;&nbsp; Que no haya sido beneficiado anteriormente con la Garant\u00eda FOGAES Apoyo a la Vivienda.<\/p>\n\n\n\n<p>o&nbsp;&nbsp;&nbsp;&nbsp;&nbsp;&nbsp;&nbsp;&nbsp;&nbsp;&nbsp;&nbsp;&nbsp; Cumplir con la evaluaci\u00f3n crediticia propia de cada instituci\u00f3n.<\/p>\n\n\n\n<p><strong>Sobre el Fogaes<\/strong><\/p>\n\n\n\n<p>La Ley N\u00b021.543 que crea Fondo de Garant\u00edas Especiales (Fogaes) fue publicada en el Diario Oficial el pasado 13 de febrero y a trav\u00e9s de ella se crean los programas de Garant\u00edas Apoyo a la Vivienda y de Apoyo a la Construcci\u00f3n.<\/p>\n\n\n\n<p>El Fogaes busca fomentar y dinamizar la actividad de la construcci\u00f3n y de sectores relacionados, adem\u00e1s de favorecer la compra de viviendas y un mejor acceso a los cr\u00e9ditos hipotecarios para las personas y familias que buscan su primera vivienda.<\/p>\n\n\n\n<p>das.<\/p>\n\n\n\n<figure class=\"wp-block-image size-large\"><a href=\"http:\/\/radioprimiciapelluhue.cl\/wp-content\/uploads\/2023\/04\/image001.jpg\"><img loading=\"lazy\" decoding=\"async\" width=\"1024\" height=\"576\" src=\"http:\/\/radioprimiciapelluhue.cl\/wp-content\/uploads\/2023\/04\/image001-1024x576.jpg\" alt=\"\" class=\"wp-image-5230\" srcset=\"https:\/\/radioprimiciapelluhue.cl\/wp-content\/uploads\/2023\/04\/image001-1024x576.jpg 1024w, https:\/\/radioprimiciapelluhue.cl\/wp-content\/uploads\/2023\/04\/image001-300x169.jpg 300w, https:\/\/radioprimiciapelluhue.cl\/wp-content\/uploads\/2023\/04\/image001-768x432.jpg 768w, https:\/\/radioprimiciapelluhue.cl\/wp-content\/uploads\/2023\/04\/image001-1536x864.jpg 1536w, https:\/\/radioprimiciapelluhue.cl\/wp-content\/uploads\/2023\/04\/image001-727x409.jpg 727w, https:\/\/radioprimiciapelluhue.cl\/wp-content\/uploads\/2023\/04\/image001-1110x624.jpg 1110w, https:\/\/radioprimiciapelluhue.cl\/wp-content\/uploads\/2023\/04\/image001-720x406.jpg 720w, https:\/\/radioprimiciapelluhue.cl\/wp-content\/uploads\/2023\/04\/image001-750x422.jpg 750w, https:\/\/radioprimiciapelluhue.cl\/wp-content\/uploads\/2023\/04\/image001.jpg 1600w\" sizes=\"auto, (max-width: 1024px) 100vw, 1024px\" \/><\/a><\/figure>\n","protected":false},"excerpt":{"rendered":"<p>Santiago, 5 de abril de 2023.&nbsp;El El Ministerio de Vivienda y Urbanismo inform\u00f3 que este mi\u00e9rcoles entr\u00f3 en vigencia el Programa de Garant\u00edas Apoyo a la Vivienda, iniciativa que incentivar\u00e1 el acceso de las personas y familias a su primera vivienda, nueva o usada, por un valor de hasta 4.500UF gracias a que reducir\u00e1 el [&hellip;]<\/p>\n","protected":false},"author":1,"featured_media":4737,"comment_status":"closed","ping_status":"closed","sticky":false,"template":"","format":"standard","meta":{"footnotes":""},"categories":[2],"tags":[],"class_list":["post-5229","post","type-post","status-publish","format-standard","has-post-thumbnail","hentry","category-noticias"],"_links":{"self":[{"href":"https:\/\/radioprimiciapelluhue.cl\/index.php?rest_route=\/wp\/v2\/posts\/5229","targetHints":{"allow":["GET"]}}],"collection":[{"href":"https:\/\/radioprimiciapelluhue.cl\/index.php?rest_route=\/wp\/v2\/posts"}],"about":[{"href":"https:\/\/radioprimiciapelluhue.cl\/index.php?rest_route=\/wp\/v2\/types\/post"}],"author":[{"embeddable":true,"href":"https:\/\/radioprimiciapelluhue.cl\/index.php?rest_route=\/wp\/v2\/users\/1"}],"replies":[{"embeddable":true,"href":"https:\/\/radioprimiciapelluhue.cl\/index.php?rest_route=%2Fwp%2Fv2%2Fcomments&post=5229"}],"version-history":[{"count":1,"href":"https:\/\/radioprimiciapelluhue.cl\/index.php?rest_route=\/wp\/v2\/posts\/5229\/revisions"}],"predecessor-version":[{"id":5231,"href":"https:\/\/radioprimiciapelluhue.cl\/index.php?rest_route=\/wp\/v2\/posts\/5229\/revisions\/5231"}],"wp:featuredmedia":[{"embeddable":true,"href":"https:\/\/radioprimiciapelluhue.cl\/index.php?rest_route=\/wp\/v2\/media\/4737"}],"wp:attachment":[{"href":"https:\/\/radioprimiciapelluhue.cl\/index.php?rest_route=%2Fwp%2Fv2%2Fmedia&parent=5229"}],"wp:term":[{"taxonomy":"category","embeddable":true,"href":"https:\/\/radioprimiciapelluhue.cl\/index.php?rest_route=%2Fwp%2Fv2%2Fcategories&post=5229"},{"taxonomy":"post_tag","embeddable":true,"href":"https:\/\/radioprimiciapelluhue.cl\/index.php?rest_route=%2Fwp%2Fv2%2Ftags&post=5229"}],"curies":[{"name":"wp","href":"https:\/\/api.w.org\/{rel}","templated":true}]}}