{"id":5232,"date":"2023-04-09T21:12:44","date_gmt":"2023-04-10T01:12:44","guid":{"rendered":"http:\/\/radioprimiciapelluhue.cl\/?p=5232"},"modified":"2023-04-09T21:12:44","modified_gmt":"2023-04-10T01:12:44","slug":"resumen-de-noticias-semanal","status":"publish","type":"post","link":"https:\/\/radioprimiciapelluhue.cl\/?p=5232","title":{"rendered":"RESUMEN DE NOTICIAS SEMANAL"},"content":{"rendered":"\n<p>Funeral del Suboficial Mayor es despedido por miles de personas que acompa\u00f1aron su cortejo f\u00fanebre quedando en su descanso eterno en el Cementerio de Rancagua<\/p>\n\n\n\n<p>Fuente 24 HORAS<\/p>\n\n\n\n<p><a href=\"https:\/\/www.24horas.cl\/regiones\/zona-centro\/ohiggins\/funeral-cabo-palma-yanez-asi-fue-la-llegada-de-la-carroza-a-la-catedral\">https:\/\/www.24horas.cl\/regiones\/zona-centro\/ohiggins\/funeral-cabo-palma-yanez-asi-fue-la-llegada-de-la-carroza-a-la-catedral<\/a><\/p>\n\n\n\n<figure class=\"wp-block-gallery has-nested-images columns-default is-cropped wp-block-gallery-1 is-layout-flex wp-block-gallery-is-layout-flex\">\n<figure class=\"wp-block-image size-large\"><a href=\"http:\/\/radioprimiciapelluhue.cl\/wp-content\/uploads\/2023\/04\/Imagen-de-WhatsApp-2023-04-09-a-las-20.43.25.jpg\"><img loading=\"lazy\" decoding=\"async\" width=\"1024\" height=\"575\" data-id=\"5233\" src=\"http:\/\/radioprimiciapelluhue.cl\/wp-content\/uploads\/2023\/04\/Imagen-de-WhatsApp-2023-04-09-a-las-20.43.25-1024x575.jpg\" alt=\"\" class=\"wp-image-5233\" srcset=\"https:\/\/radioprimiciapelluhue.cl\/wp-content\/uploads\/2023\/04\/Imagen-de-WhatsApp-2023-04-09-a-las-20.43.25-1024x575.jpg 1024w, https:\/\/radioprimiciapelluhue.cl\/wp-content\/uploads\/2023\/04\/Imagen-de-WhatsApp-2023-04-09-a-las-20.43.25-300x169.jpg 300w, https:\/\/radioprimiciapelluhue.cl\/wp-content\/uploads\/2023\/04\/Imagen-de-WhatsApp-2023-04-09-a-las-20.43.25-768x431.jpg 768w, https:\/\/radioprimiciapelluhue.cl\/wp-content\/uploads\/2023\/04\/Imagen-de-WhatsApp-2023-04-09-a-las-20.43.25-727x409.jpg 727w, https:\/\/radioprimiciapelluhue.cl\/wp-content\/uploads\/2023\/04\/Imagen-de-WhatsApp-2023-04-09-a-las-20.43.25-1110x624.jpg 1110w, https:\/\/radioprimiciapelluhue.cl\/wp-content\/uploads\/2023\/04\/Imagen-de-WhatsApp-2023-04-09-a-las-20.43.25-750x422.jpg 750w, https:\/\/radioprimiciapelluhue.cl\/wp-content\/uploads\/2023\/04\/Imagen-de-WhatsApp-2023-04-09-a-las-20.43.25.jpg 1280w\" sizes=\"auto, (max-width: 1024px) 100vw, 1024px\" \/><\/a><\/figure>\n<\/figure>\n\n\n\n<p>Compartan, Fiscal\u00eda da a conocer tercer sujeto de inter\u00e9s por la investigaci\u00f3n del asesinato del ahora Suboficial Mayor Daniel Palma<\/p>\n\n\n\n<figure class=\"wp-block-gallery has-nested-images columns-default is-cropped wp-block-gallery-2 is-layout-flex wp-block-gallery-is-layout-flex\">\n<figure class=\"wp-block-image size-large\"><a href=\"http:\/\/radioprimiciapelluhue.cl\/wp-content\/uploads\/2023\/04\/340437587_902517450975744_5111777984169546946_n.jpg\"><img loading=\"lazy\" decoding=\"async\" width=\"665\" height=\"832\" data-id=\"5234\" src=\"http:\/\/radioprimiciapelluhue.cl\/wp-content\/uploads\/2023\/04\/340437587_902517450975744_5111777984169546946_n.jpg\" alt=\"\" class=\"wp-image-5234\" srcset=\"https:\/\/radioprimiciapelluhue.cl\/wp-content\/uploads\/2023\/04\/340437587_902517450975744_5111777984169546946_n.jpg 665w, https:\/\/radioprimiciapelluhue.cl\/wp-content\/uploads\/2023\/04\/340437587_902517450975744_5111777984169546946_n-240x300.jpg 240w\" sizes=\"auto, (max-width: 665px) 100vw, 665px\" \/><\/a><\/figure>\n<\/figure>\n\n\n\n<p>Fiscal\u00eda pide apoyo para difundir fotograf\u00edas de sujetos de inter\u00e9s por el asesinato del Cabo Primero Daniel Matamala<\/p>\n\n\n\n<figure class=\"wp-block-gallery has-nested-images columns-default is-cropped wp-block-gallery-3 is-layout-flex wp-block-gallery-is-layout-flex\">\n<figure class=\"wp-block-image size-large\"><a href=\"http:\/\/radioprimiciapelluhue.cl\/wp-content\/uploads\/2023\/04\/Imagen-de-WhatsApp-2023-04-09-a-las-20.58.14.jpg\"><img loading=\"lazy\" decoding=\"async\" width=\"711\" height=\"1024\" data-id=\"5235\" src=\"http:\/\/radioprimiciapelluhue.cl\/wp-content\/uploads\/2023\/04\/Imagen-de-WhatsApp-2023-04-09-a-las-20.58.14-711x1024.jpg\" alt=\"\" class=\"wp-image-5235\" srcset=\"https:\/\/radioprimiciapelluhue.cl\/wp-content\/uploads\/2023\/04\/Imagen-de-WhatsApp-2023-04-09-a-las-20.58.14-711x1024.jpg 711w, https:\/\/radioprimiciapelluhue.cl\/wp-content\/uploads\/2023\/04\/Imagen-de-WhatsApp-2023-04-09-a-las-20.58.14-208x300.jpg 208w, https:\/\/radioprimiciapelluhue.cl\/wp-content\/uploads\/2023\/04\/Imagen-de-WhatsApp-2023-04-09-a-las-20.58.14-768x1106.jpg 768w, https:\/\/radioprimiciapelluhue.cl\/wp-content\/uploads\/2023\/04\/Imagen-de-WhatsApp-2023-04-09-a-las-20.58.14-1067x1536.jpg 1067w, https:\/\/radioprimiciapelluhue.cl\/wp-content\/uploads\/2023\/04\/Imagen-de-WhatsApp-2023-04-09-a-las-20.58.14.jpg 1111w\" sizes=\"auto, (max-width: 711px) 100vw, 711px\" \/><\/a><\/figure>\n\n\n\n<figure class=\"wp-block-image size-large\"><a href=\"http:\/\/radioprimiciapelluhue.cl\/wp-content\/uploads\/2023\/04\/Imagen-de-WhatsApp-2023-04-09-a-las-20.58.15.jpg\"><img loading=\"lazy\" decoding=\"async\" width=\"1012\" height=\"1024\" data-id=\"5237\" src=\"http:\/\/radioprimiciapelluhue.cl\/wp-content\/uploads\/2023\/04\/Imagen-de-WhatsApp-2023-04-09-a-las-20.58.15-1012x1024.jpg\" alt=\"\" class=\"wp-image-5237\" srcset=\"https:\/\/radioprimiciapelluhue.cl\/wp-content\/uploads\/2023\/04\/Imagen-de-WhatsApp-2023-04-09-a-las-20.58.15-1012x1024.jpg 1012w, https:\/\/radioprimiciapelluhue.cl\/wp-content\/uploads\/2023\/04\/Imagen-de-WhatsApp-2023-04-09-a-las-20.58.15-296x300.jpg 296w, https:\/\/radioprimiciapelluhue.cl\/wp-content\/uploads\/2023\/04\/Imagen-de-WhatsApp-2023-04-09-a-las-20.58.15-768x777.jpg 768w, https:\/\/radioprimiciapelluhue.cl\/wp-content\/uploads\/2023\/04\/Imagen-de-WhatsApp-2023-04-09-a-las-20.58.15-120x120.jpg 120w, https:\/\/radioprimiciapelluhue.cl\/wp-content\/uploads\/2023\/04\/Imagen-de-WhatsApp-2023-04-09-a-las-20.58.15.jpg 1240w\" sizes=\"auto, (max-width: 1012px) 100vw, 1012px\" \/><\/a><\/figure>\n\n\n\n<figure class=\"wp-block-image size-large\"><a href=\"http:\/\/radioprimiciapelluhue.cl\/wp-content\/uploads\/2023\/04\/Imagen-de-WhatsApp-2023-04-09-a-las-20.58.16.jpg\"><img loading=\"lazy\" decoding=\"async\" width=\"987\" height=\"1024\" data-id=\"5236\" src=\"http:\/\/radioprimiciapelluhue.cl\/wp-content\/uploads\/2023\/04\/Imagen-de-WhatsApp-2023-04-09-a-las-20.58.16-987x1024.jpg\" alt=\"\" class=\"wp-image-5236\" srcset=\"https:\/\/radioprimiciapelluhue.cl\/wp-content\/uploads\/2023\/04\/Imagen-de-WhatsApp-2023-04-09-a-las-20.58.16-987x1024.jpg 987w, https:\/\/radioprimiciapelluhue.cl\/wp-content\/uploads\/2023\/04\/Imagen-de-WhatsApp-2023-04-09-a-las-20.58.16-289x300.jpg 289w, https:\/\/radioprimiciapelluhue.cl\/wp-content\/uploads\/2023\/04\/Imagen-de-WhatsApp-2023-04-09-a-las-20.58.16-768x797.jpg 768w, https:\/\/radioprimiciapelluhue.cl\/wp-content\/uploads\/2023\/04\/Imagen-de-WhatsApp-2023-04-09-a-las-20.58.16.jpg 1240w\" sizes=\"auto, (max-width: 987px) 100vw, 987px\" \/><\/a><\/figure>\n\n\n\n<figure class=\"wp-block-image size-large\"><a href=\"http:\/\/radioprimiciapelluhue.cl\/wp-content\/uploads\/2023\/04\/Imagen-de-WhatsApp-2023-04-09-a-las-20.58.17.jpg\"><img loading=\"lazy\" decoding=\"async\" width=\"760\" height=\"1024\" data-id=\"5238\" src=\"http:\/\/radioprimiciapelluhue.cl\/wp-content\/uploads\/2023\/04\/Imagen-de-WhatsApp-2023-04-09-a-las-20.58.17-760x1024.jpg\" alt=\"\" class=\"wp-image-5238\" srcset=\"https:\/\/radioprimiciapelluhue.cl\/wp-content\/uploads\/2023\/04\/Imagen-de-WhatsApp-2023-04-09-a-las-20.58.17-760x1024.jpg 760w, https:\/\/radioprimiciapelluhue.cl\/wp-content\/uploads\/2023\/04\/Imagen-de-WhatsApp-2023-04-09-a-las-20.58.17-223x300.jpg 223w, https:\/\/radioprimiciapelluhue.cl\/wp-content\/uploads\/2023\/04\/Imagen-de-WhatsApp-2023-04-09-a-las-20.58.17-768x1034.jpg 768w, https:\/\/radioprimiciapelluhue.cl\/wp-content\/uploads\/2023\/04\/Imagen-de-WhatsApp-2023-04-09-a-las-20.58.17-1140x1536.jpg 1140w, https:\/\/radioprimiciapelluhue.cl\/wp-content\/uploads\/2023\/04\/Imagen-de-WhatsApp-2023-04-09-a-las-20.58.17.jpg 1188w\" sizes=\"auto, (max-width: 760px) 100vw, 760px\" \/><\/a><\/figure>\n<\/figure>\n\n\n\n<p>En <a href=\"https:\/\/www.facebook.com\/hashtag\/chanco?__eep__=6&amp;__cft__%5b0%5d=AZVOphUKfvfhMoe8ygsApp3aKepV3vbIVZotfr9fTq0xPUSaeVO9Zz-fGBv_jykXj3pL4GABy0UdXGZe7NMFAG0COg7o_oadoK4DffnzLHlXrFSG0rOiQxxLTbtV6ulnd5HrQ0JpuSmmseT7aoW_8rce-cWbMkL2_0oPlHGU7MAQwKIOaphkNg0lrgo88CCXadk&amp;__tn__=*NK-R\">#CHANCO<\/a> las muestras de cari\u00f1o contin\u00faan en este d\u00eda en el que el dolor ha sido el protagonista,por la muerte del Cabo 1ero. Daniel Palma(Q.E.P.D). Las personas con las banderas chilenas, velas y flores se hacen parte de esta p\u00e9rdida para la Instituci\u00f3n Policial<img loading=\"lazy\" decoding=\"async\" width=\"16\" height=\"16\" src=\"\" alt=\"\ud83d\udc4f\"><img loading=\"lazy\" decoding=\"async\" width=\"16\" height=\"16\" src=\"\" alt=\"\ud83d\udc4f\"><img loading=\"lazy\" decoding=\"async\" width=\"16\" height=\"16\" src=\"\" alt=\"\ud83d\udc9a\"><img loading=\"lazy\" decoding=\"async\" width=\"16\" height=\"16\" src=\"\" alt=\"\ud83d\udc6e\ud83c\udffb\"><img loading=\"lazy\" decoding=\"async\" width=\"16\" height=\"16\" src=\"\" alt=\"\ud83d\udc4f\"><img loading=\"lazy\" decoding=\"async\" width=\"16\" height=\"16\" src=\"\" alt=\"\ud83d\udc4f\">.<\/p>\n\n\n\n<p>En <a href=\"https:\/\/www.facebook.com\/hashtag\/cauquenes?__eep__=6&amp;__cft__%5b0%5d=AZVOphUKfvfhMoe8ygsApp3aKepV3vbIVZotfr9fTq0xPUSaeVO9Zz-fGBv_jykXj3pL4GABy0UdXGZe7NMFAG0COg7o_oadoK4DffnzLHlXrFSG0rOiQxxLTbtV6ulnd5HrQ0JpuSmmseT7aoW_8rce-cWbMkL2_0oPlHGU7MAQwKIOaphkNg0lrgo88CCXadk&amp;__tn__=*NK-R\">#CAUQUENES<\/a> se realiz\u00f3 una Velat\u00f3n con motivo de la muerte del Cabo 1ero.Daniel Palma (Q.E.P.D) en la que particip\u00f3 la comunidad; quienes en un ambiente emotivo y de respeto, entregaron todo su cari\u00f1o a la Instituci\u00f3n Policial de Carabineros de Chile, adhiri\u00e9ndose a su dolor.<\/p>\n\n\n\n<p>En <a href=\"https:\/\/www.facebook.com\/hashtag\/curanipe?__eep__=6&amp;__cft__%5b0%5d=AZVOphUKfvfhMoe8ygsApp3aKepV3vbIVZotfr9fTq0xPUSaeVO9Zz-fGBv_jykXj3pL4GABy0UdXGZe7NMFAG0COg7o_oadoK4DffnzLHlXrFSG0rOiQxxLTbtV6ulnd5HrQ0JpuSmmseT7aoW_8rce-cWbMkL2_0oPlHGU7MAQwKIOaphkNg0lrgo88CCXadk&amp;__tn__=*NK-R\">#Curanipe<\/a> de igual forma estuvieron presentes las familias dejando velas en se\u00f1al de estar presentes en este momento que enluta a Carabineros y a nuestro pa\u00eds.<\/p>\n\n\n\n<figure class=\"wp-block-gallery has-nested-images columns-default is-cropped wp-block-gallery-4 is-layout-flex wp-block-gallery-is-layout-flex\">\n<figure class=\"wp-block-image size-large\"><a href=\"http:\/\/radioprimiciapelluhue.cl\/wp-content\/uploads\/2023\/04\/339925930_2791407484329181_8597703142535482510_n.jpg\"><img loading=\"lazy\" decoding=\"async\" width=\"1024\" height=\"537\" data-id=\"5239\" src=\"http:\/\/radioprimiciapelluhue.cl\/wp-content\/uploads\/2023\/04\/339925930_2791407484329181_8597703142535482510_n-1024x537.jpg\" alt=\"\" class=\"wp-image-5239\" srcset=\"https:\/\/radioprimiciapelluhue.cl\/wp-content\/uploads\/2023\/04\/339925930_2791407484329181_8597703142535482510_n-1024x537.jpg 1024w, https:\/\/radioprimiciapelluhue.cl\/wp-content\/uploads\/2023\/04\/339925930_2791407484329181_8597703142535482510_n-300x157.jpg 300w, https:\/\/radioprimiciapelluhue.cl\/wp-content\/uploads\/2023\/04\/339925930_2791407484329181_8597703142535482510_n-768x403.jpg 768w, https:\/\/radioprimiciapelluhue.cl\/wp-content\/uploads\/2023\/04\/339925930_2791407484329181_8597703142535482510_n.jpg 1280w\" sizes=\"auto, (max-width: 1024px) 100vw, 1024px\" \/><\/a><\/figure>\n\n\n\n<figure class=\"wp-block-image size-large\"><a href=\"http:\/\/radioprimiciapelluhue.cl\/wp-content\/uploads\/2023\/04\/340130022_1885314708492141_3091853492637783883_n.jpg\"><img loading=\"lazy\" decoding=\"async\" width=\"1024\" height=\"536\" data-id=\"5240\" src=\"http:\/\/radioprimiciapelluhue.cl\/wp-content\/uploads\/2023\/04\/340130022_1885314708492141_3091853492637783883_n-1024x536.jpg\" alt=\"\" class=\"wp-image-5240\" srcset=\"https:\/\/radioprimiciapelluhue.cl\/wp-content\/uploads\/2023\/04\/340130022_1885314708492141_3091853492637783883_n-1024x536.jpg 1024w, https:\/\/radioprimiciapelluhue.cl\/wp-content\/uploads\/2023\/04\/340130022_1885314708492141_3091853492637783883_n-300x157.jpg 300w, https:\/\/radioprimiciapelluhue.cl\/wp-content\/uploads\/2023\/04\/340130022_1885314708492141_3091853492637783883_n-768x402.jpg 768w, https:\/\/radioprimiciapelluhue.cl\/wp-content\/uploads\/2023\/04\/340130022_1885314708492141_3091853492637783883_n.jpg 1269w\" sizes=\"auto, (max-width: 1024px) 100vw, 1024px\" \/><\/a><\/figure>\n\n\n\n<figure class=\"wp-block-image size-large\"><a href=\"http:\/\/radioprimiciapelluhue.cl\/wp-content\/uploads\/2023\/04\/340305589_1184014638980775_909596883894107221_n.jpg\"><img loading=\"lazy\" decoding=\"async\" width=\"1024\" height=\"771\" data-id=\"5241\" src=\"http:\/\/radioprimiciapelluhue.cl\/wp-content\/uploads\/2023\/04\/340305589_1184014638980775_909596883894107221_n-1024x771.jpg\" alt=\"\" class=\"wp-image-5241\" srcset=\"https:\/\/radioprimiciapelluhue.cl\/wp-content\/uploads\/2023\/04\/340305589_1184014638980775_909596883894107221_n-1024x771.jpg 1024w, https:\/\/radioprimiciapelluhue.cl\/wp-content\/uploads\/2023\/04\/340305589_1184014638980775_909596883894107221_n-300x226.jpg 300w, https:\/\/radioprimiciapelluhue.cl\/wp-content\/uploads\/2023\/04\/340305589_1184014638980775_909596883894107221_n-768x578.jpg 768w, https:\/\/radioprimiciapelluhue.cl\/wp-content\/uploads\/2023\/04\/340305589_1184014638980775_909596883894107221_n-1536x1156.jpg 1536w, https:\/\/radioprimiciapelluhue.cl\/wp-content\/uploads\/2023\/04\/340305589_1184014638980775_909596883894107221_n.jpg 1600w\" sizes=\"auto, (max-width: 1024px) 100vw, 1024px\" \/><\/a><\/figure>\n<\/figure>\n\n\n\n<p>Bomberos de la Regi\u00f3n del MAULE se adhiere a las condolencias por el lamentable fallecimiento del M\u00e1rtir de Carabineros de Chile, Cabo 1\u00ba Daniel Palma Y\u00e1\u00f1ez (Q.E.P.D.).<\/p>\n\n\n\n<p>Enviamos nuestro m\u00e1s sentido p\u00e9same a su familia, compa\u00f1eros y amigos.<\/p>\n\n\n\n<p>A las 20:00 horas los cuarteles de la regi\u00f3n har\u00e1n sentir sus sirenas en honor al nuevo m\u00e1rtir de Carabineros\u00a0de\u00a0Chile<\/p>\n\n\n\n<figure class=\"wp-block-gallery has-nested-images columns-default is-cropped wp-block-gallery-5 is-layout-flex wp-block-gallery-is-layout-flex\">\n<figure class=\"wp-block-image size-large\"><a href=\"http:\/\/radioprimiciapelluhue.cl\/wp-content\/uploads\/2023\/04\/340268027_6409249662470439_1786421231423995844_n.jpg\"><img loading=\"lazy\" decoding=\"async\" width=\"514\" height=\"720\" data-id=\"5243\" src=\"http:\/\/radioprimiciapelluhue.cl\/wp-content\/uploads\/2023\/04\/340268027_6409249662470439_1786421231423995844_n.jpg\" alt=\"\" class=\"wp-image-5243\" srcset=\"https:\/\/radioprimiciapelluhue.cl\/wp-content\/uploads\/2023\/04\/340268027_6409249662470439_1786421231423995844_n.jpg 514w, https:\/\/radioprimiciapelluhue.cl\/wp-content\/uploads\/2023\/04\/340268027_6409249662470439_1786421231423995844_n-214x300.jpg 214w\" sizes=\"auto, (max-width: 514px) 100vw, 514px\" \/><\/a><\/figure>\n\n\n\n<figure class=\"wp-block-image size-large\"><a href=\"http:\/\/radioprimiciapelluhue.cl\/wp-content\/uploads\/2023\/04\/Imagen-de-WhatsApp-2023-04-06-a-las-18.40.07.jpg\"><img loading=\"lazy\" decoding=\"async\" width=\"600\" height=\"401\" data-id=\"5242\" src=\"http:\/\/radioprimiciapelluhue.cl\/wp-content\/uploads\/2023\/04\/Imagen-de-WhatsApp-2023-04-06-a-las-18.40.07.jpg\" alt=\"\" class=\"wp-image-5242\" srcset=\"https:\/\/radioprimiciapelluhue.cl\/wp-content\/uploads\/2023\/04\/Imagen-de-WhatsApp-2023-04-06-a-las-18.40.07.jpg 600w, https:\/\/radioprimiciapelluhue.cl\/wp-content\/uploads\/2023\/04\/Imagen-de-WhatsApp-2023-04-06-a-las-18.40.07-300x201.jpg 300w\" sizes=\"auto, (max-width: 600px) 100vw, 600px\" \/><\/a><\/figure>\n\n\n\n<figure class=\"wp-block-image size-large\"><a href=\"http:\/\/radioprimiciapelluhue.cl\/wp-content\/uploads\/2023\/04\/Imagen-de-WhatsApp-2023-04-09-a-las-19.36.16.jpg\"><img loading=\"lazy\" decoding=\"async\" width=\"1024\" height=\"473\" data-id=\"5244\" src=\"http:\/\/radioprimiciapelluhue.cl\/wp-content\/uploads\/2023\/04\/Imagen-de-WhatsApp-2023-04-09-a-las-19.36.16-1024x473.jpg\" alt=\"\" class=\"wp-image-5244\" srcset=\"https:\/\/radioprimiciapelluhue.cl\/wp-content\/uploads\/2023\/04\/Imagen-de-WhatsApp-2023-04-09-a-las-19.36.16-1024x473.jpg 1024w, https:\/\/radioprimiciapelluhue.cl\/wp-content\/uploads\/2023\/04\/Imagen-de-WhatsApp-2023-04-09-a-las-19.36.16-300x139.jpg 300w, https:\/\/radioprimiciapelluhue.cl\/wp-content\/uploads\/2023\/04\/Imagen-de-WhatsApp-2023-04-09-a-las-19.36.16-768x355.jpg 768w, https:\/\/radioprimiciapelluhue.cl\/wp-content\/uploads\/2023\/04\/Imagen-de-WhatsApp-2023-04-09-a-las-19.36.16-1536x709.jpg 1536w, https:\/\/radioprimiciapelluhue.cl\/wp-content\/uploads\/2023\/04\/Imagen-de-WhatsApp-2023-04-09-a-las-19.36.16.jpg 1600w\" sizes=\"auto, (max-width: 1024px) 100vw, 1024px\" \/><\/a><\/figure>\n<\/figure>\n\n\n\n<p>En Santiago centro es herido en la cabeza Carabinero que iba a fiscalizar veh\u00edculo lo cual desde el M\u00f3vil le dispararon dos tiros en la cara que Lamentablemente fallece en la madrugada despu\u00e9s de ser baleado en Santiago solo por hacer un control policial habitual de cada d\u00eda y de su cargo.<\/p>\n\n\n\n<figure class=\"wp-block-gallery has-nested-images columns-default is-cropped wp-block-gallery-6 is-layout-flex wp-block-gallery-is-layout-flex\">\n<figure class=\"wp-block-image size-large\"><a href=\"http:\/\/radioprimiciapelluhue.cl\/wp-content\/uploads\/2023\/04\/339281532_758451639055137_5822955347246329892_n.jpg\"><img loading=\"lazy\" decoding=\"async\" width=\"1024\" height=\"576\" data-id=\"5246\" src=\"http:\/\/radioprimiciapelluhue.cl\/wp-content\/uploads\/2023\/04\/339281532_758451639055137_5822955347246329892_n-1024x576.jpg\" alt=\"\" class=\"wp-image-5246\" srcset=\"https:\/\/radioprimiciapelluhue.cl\/wp-content\/uploads\/2023\/04\/339281532_758451639055137_5822955347246329892_n-1024x576.jpg 1024w, https:\/\/radioprimiciapelluhue.cl\/wp-content\/uploads\/2023\/04\/339281532_758451639055137_5822955347246329892_n-300x169.jpg 300w, https:\/\/radioprimiciapelluhue.cl\/wp-content\/uploads\/2023\/04\/339281532_758451639055137_5822955347246329892_n-768x432.jpg 768w, https:\/\/radioprimiciapelluhue.cl\/wp-content\/uploads\/2023\/04\/339281532_758451639055137_5822955347246329892_n-727x409.jpg 727w, https:\/\/radioprimiciapelluhue.cl\/wp-content\/uploads\/2023\/04\/339281532_758451639055137_5822955347246329892_n-1110x624.jpg 1110w, https:\/\/radioprimiciapelluhue.cl\/wp-content\/uploads\/2023\/04\/339281532_758451639055137_5822955347246329892_n-720x406.jpg 720w, https:\/\/radioprimiciapelluhue.cl\/wp-content\/uploads\/2023\/04\/339281532_758451639055137_5822955347246329892_n-750x422.jpg 750w, https:\/\/radioprimiciapelluhue.cl\/wp-content\/uploads\/2023\/04\/339281532_758451639055137_5822955347246329892_n.jpg 1440w\" sizes=\"auto, (max-width: 1024px) 100vw, 1024px\" \/><\/a><\/figure>\n\n\n\n<figure class=\"wp-block-image size-large\"><a href=\"http:\/\/radioprimiciapelluhue.cl\/wp-content\/uploads\/2023\/04\/340126498_872752917128046_7467310173773691747_n.jpg\"><img loading=\"lazy\" decoding=\"async\" width=\"1024\" height=\"576\" data-id=\"5245\" src=\"http:\/\/radioprimiciapelluhue.cl\/wp-content\/uploads\/2023\/04\/340126498_872752917128046_7467310173773691747_n-1024x576.jpg\" alt=\"\" class=\"wp-image-5245\" srcset=\"https:\/\/radioprimiciapelluhue.cl\/wp-content\/uploads\/2023\/04\/340126498_872752917128046_7467310173773691747_n-1024x576.jpg 1024w, https:\/\/radioprimiciapelluhue.cl\/wp-content\/uploads\/2023\/04\/340126498_872752917128046_7467310173773691747_n-300x169.jpg 300w, https:\/\/radioprimiciapelluhue.cl\/wp-content\/uploads\/2023\/04\/340126498_872752917128046_7467310173773691747_n-768x432.jpg 768w, https:\/\/radioprimiciapelluhue.cl\/wp-content\/uploads\/2023\/04\/340126498_872752917128046_7467310173773691747_n-727x409.jpg 727w, https:\/\/radioprimiciapelluhue.cl\/wp-content\/uploads\/2023\/04\/340126498_872752917128046_7467310173773691747_n-1110x624.jpg 1110w, https:\/\/radioprimiciapelluhue.cl\/wp-content\/uploads\/2023\/04\/340126498_872752917128046_7467310173773691747_n-720x406.jpg 720w, https:\/\/radioprimiciapelluhue.cl\/wp-content\/uploads\/2023\/04\/340126498_872752917128046_7467310173773691747_n-750x422.jpg 750w, https:\/\/radioprimiciapelluhue.cl\/wp-content\/uploads\/2023\/04\/340126498_872752917128046_7467310173773691747_n.jpg 1440w\" sizes=\"auto, (max-width: 1024px) 100vw, 1024px\" \/><\/a><\/figure>\n<\/figure>\n\n\n\n<p>Este fin de semana santa la comuna de Pelluhue tuvo la visita de muchas familias de distintas partes de nuestro pa\u00eds donde visitaron sectores como: Curanipe, Cardonal, Arcos de Cal\u00e1n, Chovell\u00e9n hasta la vecina comuna de Cobquecura y Chanco.<\/p>\n\n\n\n<figure class=\"wp-block-gallery has-nested-images columns-default is-cropped wp-block-gallery-7 is-layout-flex wp-block-gallery-is-layout-flex\">\n<figure class=\"wp-block-image size-large\"><a href=\"http:\/\/radioprimiciapelluhue.cl\/wp-content\/uploads\/2023\/04\/Imagen-de-WhatsApp-2023-04-09-a-las-17.43.29.jpg\"><img loading=\"lazy\" decoding=\"async\" width=\"1024\" height=\"576\" data-id=\"5247\" src=\"http:\/\/radioprimiciapelluhue.cl\/wp-content\/uploads\/2023\/04\/Imagen-de-WhatsApp-2023-04-09-a-las-17.43.29-1024x576.jpg\" alt=\"\" class=\"wp-image-5247\" srcset=\"https:\/\/radioprimiciapelluhue.cl\/wp-content\/uploads\/2023\/04\/Imagen-de-WhatsApp-2023-04-09-a-las-17.43.29-1024x576.jpg 1024w, https:\/\/radioprimiciapelluhue.cl\/wp-content\/uploads\/2023\/04\/Imagen-de-WhatsApp-2023-04-09-a-las-17.43.29-300x169.jpg 300w, https:\/\/radioprimiciapelluhue.cl\/wp-content\/uploads\/2023\/04\/Imagen-de-WhatsApp-2023-04-09-a-las-17.43.29-768x432.jpg 768w, https:\/\/radioprimiciapelluhue.cl\/wp-content\/uploads\/2023\/04\/Imagen-de-WhatsApp-2023-04-09-a-las-17.43.29-1536x864.jpg 1536w, https:\/\/radioprimiciapelluhue.cl\/wp-content\/uploads\/2023\/04\/Imagen-de-WhatsApp-2023-04-09-a-las-17.43.29-727x409.jpg 727w, https:\/\/radioprimiciapelluhue.cl\/wp-content\/uploads\/2023\/04\/Imagen-de-WhatsApp-2023-04-09-a-las-17.43.29-1110x624.jpg 1110w, https:\/\/radioprimiciapelluhue.cl\/wp-content\/uploads\/2023\/04\/Imagen-de-WhatsApp-2023-04-09-a-las-17.43.29-720x406.jpg 720w, https:\/\/radioprimiciapelluhue.cl\/wp-content\/uploads\/2023\/04\/Imagen-de-WhatsApp-2023-04-09-a-las-17.43.29-750x422.jpg 750w, https:\/\/radioprimiciapelluhue.cl\/wp-content\/uploads\/2023\/04\/Imagen-de-WhatsApp-2023-04-09-a-las-17.43.29.jpg 1600w\" sizes=\"auto, (max-width: 1024px) 100vw, 1024px\" \/><\/a><\/figure>\n<\/figure>\n","protected":false},"excerpt":{"rendered":"<p>Funeral del Suboficial Mayor es despedido por miles de personas que acompa\u00f1aron su cortejo f\u00fanebre quedando en su descanso eterno en el Cementerio de Rancagua Fuente 24 HORAS https:\/\/www.24horas.cl\/regiones\/zona-centro\/ohiggins\/funeral-cabo-palma-yanez-asi-fue-la-llegada-de-la-carroza-a-la-catedral Compartan, Fiscal\u00eda da a conocer tercer sujeto de inter\u00e9s por la investigaci\u00f3n del asesinato del ahora Suboficial Mayor Daniel Palma Fiscal\u00eda pide apoyo para difundir fotograf\u00edas [&hellip;]<\/p>\n","protected":false},"author":1,"featured_media":5248,"comment_status":"closed","ping_status":"closed","sticky":false,"template":"","format":"standard","meta":{"footnotes":""},"categories":[2],"tags":[],"class_list":["post-5232","post","type-post","status-publish","format-standard","has-post-thumbnail","hentry","category-noticias"],"_links":{"self":[{"href":"https:\/\/radioprimiciapelluhue.cl\/index.php?rest_route=\/wp\/v2\/posts\/5232","targetHints":{"allow":["GET"]}}],"collection":[{"href":"https:\/\/radioprimiciapelluhue.cl\/index.php?rest_route=\/wp\/v2\/posts"}],"about":[{"href":"https:\/\/radioprimiciapelluhue.cl\/index.php?rest_route=\/wp\/v2\/types\/post"}],"author":[{"embeddable":true,"href":"https:\/\/radioprimiciapelluhue.cl\/index.php?rest_route=\/wp\/v2\/users\/1"}],"replies":[{"embeddable":true,"href":"https:\/\/radioprimiciapelluhue.cl\/index.php?rest_route=%2Fwp%2Fv2%2Fcomments&post=5232"}],"version-history":[{"count":1,"href":"https:\/\/radioprimiciapelluhue.cl\/index.php?rest_route=\/wp\/v2\/posts\/5232\/revisions"}],"predecessor-version":[{"id":5249,"href":"https:\/\/radioprimiciapelluhue.cl\/index.php?rest_route=\/wp\/v2\/posts\/5232\/revisions\/5249"}],"wp:featuredmedia":[{"embeddable":true,"href":"https:\/\/radioprimiciapelluhue.cl\/index.php?rest_route=\/wp\/v2\/media\/5248"}],"wp:attachment":[{"href":"https:\/\/radioprimiciapelluhue.cl\/index.php?rest_route=%2Fwp%2Fv2%2Fmedia&parent=5232"}],"wp:term":[{"taxonomy":"category","embeddable":true,"href":"https:\/\/radioprimiciapelluhue.cl\/index.php?rest_route=%2Fwp%2Fv2%2Fcategories&post=5232"},{"taxonomy":"post_tag","embeddable":true,"href":"https:\/\/radioprimiciapelluhue.cl\/index.php?rest_route=%2Fwp%2Fv2%2Ftags&post=5232"}],"curies":[{"name":"wp","href":"https:\/\/api.w.org\/{rel}","templated":true}]}}