{"id":5250,"date":"2023-04-09T21:18:38","date_gmt":"2023-04-10T01:18:38","guid":{"rendered":"http:\/\/radioprimiciapelluhue.cl\/?p=5250"},"modified":"2023-04-09T21:18:38","modified_gmt":"2023-04-10T01:18:38","slug":"quien-era-daniel-palma","status":"publish","type":"post","link":"https:\/\/radioprimiciapelluhue.cl\/?p=5250","title":{"rendered":"Qui\u00e9n era Daniel Palma?"},"content":{"rendered":"\n<p>El carabinero naci\u00f3 el 19 de septiembre de 1989 en la ciudad de Rancagua. Ten\u00eda 33 a\u00f1os y se desempe\u00f1aba como motorista de la Patrulla de Acci\u00f3n R\u00e1pida PAR, todo terreno de la 4\u00aa Comisar\u00eda de la Prefectura Santiago Central.<br>Seg\u00fan lo informado por la instituci\u00f3n, ascendi\u00f3 al grado de Cabo 1\u00b0 el 1 de mayo de 2022. Como funcionario fue reconocido por su labor como carabinero en diversas oportunidades durante su carrera, siendo destacado con dos felicitaciones en su hoja de vida.<br>El cabo Daniel Palma se transform\u00f3 en el tercer carabinero fallecido en los \u00faltimos 23 d\u00edas.<br>El pasado 13 de enero del presente a\u00f1o, en un procedimiento policial detuviera a tres sujetos por el robo en un lugar no habitado, recuperando diversas especies sustra\u00eddas.<br>Inici\u00f3 su camino institucional en la Escuela de Formaci\u00f3n de carabineros y durante su formaci\u00f3n profesional, en la que sum\u00f3 9 a\u00f1os de servicios en carabineros de Chile, realiz\u00f3 el curso de t\u00e9cnicas y t\u00e1cticas de procedimientos y operaciones policiales, entre otros programas de perfeccionamiento y actualizaci\u00f3n de conocimientos.<br>\u00abLas lesiones fueron gravemente da\u00f1inas\u00bb: fallece carabinero baleado en Santiago centro<br>Familia pidi\u00f3 justicia<br>Su pareja tambi\u00e9n es funcionaria de la Instituci\u00f3n, de grado carabinero. La pareja tiene un hijo en com\u00fan de cuatro a\u00f1os, adem\u00e1s de otro en camino, ya que ella se encuentra embarazada.<\/p>\n\n\n\n<figure class=\"wp-block-gallery has-nested-images columns-default is-cropped wp-block-gallery-1 is-layout-flex wp-block-gallery-is-layout-flex\">\n<figure class=\"wp-block-image size-large\"><a href=\"http:\/\/radioprimiciapelluhue.cl\/wp-content\/uploads\/2023\/04\/340072742_1359675954829355_837035833520073072_n.jpg\"><img loading=\"lazy\" decoding=\"async\" width=\"533\" height=\"533\" data-id=\"5251\" src=\"http:\/\/radioprimiciapelluhue.cl\/wp-content\/uploads\/2023\/04\/340072742_1359675954829355_837035833520073072_n.jpg\" alt=\"\" class=\"wp-image-5251\" srcset=\"https:\/\/radioprimiciapelluhue.cl\/wp-content\/uploads\/2023\/04\/340072742_1359675954829355_837035833520073072_n.jpg 533w, https:\/\/radioprimiciapelluhue.cl\/wp-content\/uploads\/2023\/04\/340072742_1359675954829355_837035833520073072_n-300x300.jpg 300w, https:\/\/radioprimiciapelluhue.cl\/wp-content\/uploads\/2023\/04\/340072742_1359675954829355_837035833520073072_n-150x150.jpg 150w, https:\/\/radioprimiciapelluhue.cl\/wp-content\/uploads\/2023\/04\/340072742_1359675954829355_837035833520073072_n-520x520.jpg 520w, https:\/\/radioprimiciapelluhue.cl\/wp-content\/uploads\/2023\/04\/340072742_1359675954829355_837035833520073072_n-120x120.jpg 120w\" sizes=\"auto, (max-width: 533px) 100vw, 533px\" \/><\/a><\/figure>\n<\/figure>\n","protected":false},"excerpt":{"rendered":"<p>El carabinero naci\u00f3 el 19 de septiembre de 1989 en la ciudad de Rancagua. Ten\u00eda 33 a\u00f1os y se desempe\u00f1aba como motorista de la Patrulla de Acci\u00f3n R\u00e1pida PAR, todo terreno de la 4\u00aa Comisar\u00eda de la Prefectura Santiago Central.Seg\u00fan lo informado por la instituci\u00f3n, ascendi\u00f3 al grado de Cabo 1\u00b0 el 1 de mayo [&hellip;]<\/p>\n","protected":false},"author":1,"featured_media":5251,"comment_status":"closed","ping_status":"closed","sticky":false,"template":"","format":"standard","meta":{"footnotes":""},"categories":[2],"tags":[],"class_list":["post-5250","post","type-post","status-publish","format-standard","has-post-thumbnail","hentry","category-noticias"],"_links":{"self":[{"href":"https:\/\/radioprimiciapelluhue.cl\/index.php?rest_route=\/wp\/v2\/posts\/5250","targetHints":{"allow":["GET"]}}],"collection":[{"href":"https:\/\/radioprimiciapelluhue.cl\/index.php?rest_route=\/wp\/v2\/posts"}],"about":[{"href":"https:\/\/radioprimiciapelluhue.cl\/index.php?rest_route=\/wp\/v2\/types\/post"}],"author":[{"embeddable":true,"href":"https:\/\/radioprimiciapelluhue.cl\/index.php?rest_route=\/wp\/v2\/users\/1"}],"replies":[{"embeddable":true,"href":"https:\/\/radioprimiciapelluhue.cl\/index.php?rest_route=%2Fwp%2Fv2%2Fcomments&post=5250"}],"version-history":[{"count":1,"href":"https:\/\/radioprimiciapelluhue.cl\/index.php?rest_route=\/wp\/v2\/posts\/5250\/revisions"}],"predecessor-version":[{"id":5252,"href":"https:\/\/radioprimiciapelluhue.cl\/index.php?rest_route=\/wp\/v2\/posts\/5250\/revisions\/5252"}],"wp:featuredmedia":[{"embeddable":true,"href":"https:\/\/radioprimiciapelluhue.cl\/index.php?rest_route=\/wp\/v2\/media\/5251"}],"wp:attachment":[{"href":"https:\/\/radioprimiciapelluhue.cl\/index.php?rest_route=%2Fwp%2Fv2%2Fmedia&parent=5250"}],"wp:term":[{"taxonomy":"category","embeddable":true,"href":"https:\/\/radioprimiciapelluhue.cl\/index.php?rest_route=%2Fwp%2Fv2%2Fcategories&post=5250"},{"taxonomy":"post_tag","embeddable":true,"href":"https:\/\/radioprimiciapelluhue.cl\/index.php?rest_route=%2Fwp%2Fv2%2Ftags&post=5250"}],"curies":[{"name":"wp","href":"https:\/\/api.w.org\/{rel}","templated":true}]}}