{"id":5256,"date":"2023-04-09T21:35:14","date_gmt":"2023-04-10T01:35:14","guid":{"rendered":"http:\/\/radioprimiciapelluhue.cl\/?p=5256"},"modified":"2023-04-09T21:35:15","modified_gmt":"2023-04-10T01:35:15","slug":"ley-nain-retamal-aprobada","status":"publish","type":"post","link":"https:\/\/radioprimiciapelluhue.cl\/?p=5256","title":{"rendered":"<strong>LEY NAIN-RETAMAL APROBADA<\/strong>"},"content":{"rendered":"\n<p>Presidente de la c\u00e1mara del Senado y Senador el se\u00f1or Juan Antonio Coloma.<\/p>\n\n\n\n<p>Aprobada Ley Na\u00edn-Retamal<\/p>\n\n\n\n<p><a href=\"https:\/\/m.facebook.com\/story.php?story_fbid=769171081238293&amp;id=100044362242549&amp;mibextid=tejx2t\">https:\/\/m.facebook.com\/story.php?story_fbid=769171081238293&amp;id=100044362242549&amp;mibextid=tejx2t<\/a><\/p>\n\n\n\n<figure class=\"wp-block-gallery has-nested-images columns-default is-cropped wp-block-gallery-1 is-layout-flex wp-block-gallery-is-layout-flex\">\n<figure class=\"wp-block-image size-large\"><a href=\"http:\/\/radioprimiciapelluhue.cl\/wp-content\/uploads\/2023\/04\/339578574_166412696313842_2579376982665643162_n.jpg\"><img loading=\"lazy\" decoding=\"async\" width=\"651\" height=\"1024\" data-id=\"5257\" src=\"http:\/\/radioprimiciapelluhue.cl\/wp-content\/uploads\/2023\/04\/339578574_166412696313842_2579376982665643162_n-651x1024.jpg\" alt=\"\" class=\"wp-image-5257\" srcset=\"https:\/\/radioprimiciapelluhue.cl\/wp-content\/uploads\/2023\/04\/339578574_166412696313842_2579376982665643162_n-651x1024.jpg 651w, https:\/\/radioprimiciapelluhue.cl\/wp-content\/uploads\/2023\/04\/339578574_166412696313842_2579376982665643162_n-191x300.jpg 191w, https:\/\/radioprimiciapelluhue.cl\/wp-content\/uploads\/2023\/04\/339578574_166412696313842_2579376982665643162_n-768x1209.jpg 768w, https:\/\/radioprimiciapelluhue.cl\/wp-content\/uploads\/2023\/04\/339578574_166412696313842_2579376982665643162_n.jpg 915w\" sizes=\"auto, (max-width: 651px) 100vw, 651px\" \/><\/a><\/figure>\n<\/figure>\n","protected":false},"excerpt":{"rendered":"<p>Presidente de la c\u00e1mara del Senado y Senador el se\u00f1or Juan Antonio Coloma. Aprobada Ley Na\u00edn-Retamal https:\/\/m.facebook.com\/story.php?story_fbid=769171081238293&amp;id=100044362242549&amp;mibextid=tejx2t<\/p>\n","protected":false},"author":1,"featured_media":5257,"comment_status":"closed","ping_status":"closed","sticky":false,"template":"","format":"standard","meta":{"footnotes":""},"categories":[60],"tags":[],"class_list":["post-5256","post","type-post","status-publish","format-standard","has-post-thumbnail","hentry","category-politica"],"_links":{"self":[{"href":"https:\/\/radioprimiciapelluhue.cl\/index.php?rest_route=\/wp\/v2\/posts\/5256","targetHints":{"allow":["GET"]}}],"collection":[{"href":"https:\/\/radioprimiciapelluhue.cl\/index.php?rest_route=\/wp\/v2\/posts"}],"about":[{"href":"https:\/\/radioprimiciapelluhue.cl\/index.php?rest_route=\/wp\/v2\/types\/post"}],"author":[{"embeddable":true,"href":"https:\/\/radioprimiciapelluhue.cl\/index.php?rest_route=\/wp\/v2\/users\/1"}],"replies":[{"embeddable":true,"href":"https:\/\/radioprimiciapelluhue.cl\/index.php?rest_route=%2Fwp%2Fv2%2Fcomments&post=5256"}],"version-history":[{"count":1,"href":"https:\/\/radioprimiciapelluhue.cl\/index.php?rest_route=\/wp\/v2\/posts\/5256\/revisions"}],"predecessor-version":[{"id":5258,"href":"https:\/\/radioprimiciapelluhue.cl\/index.php?rest_route=\/wp\/v2\/posts\/5256\/revisions\/5258"}],"wp:featuredmedia":[{"embeddable":true,"href":"https:\/\/radioprimiciapelluhue.cl\/index.php?rest_route=\/wp\/v2\/media\/5257"}],"wp:attachment":[{"href":"https:\/\/radioprimiciapelluhue.cl\/index.php?rest_route=%2Fwp%2Fv2%2Fmedia&parent=5256"}],"wp:term":[{"taxonomy":"category","embeddable":true,"href":"https:\/\/radioprimiciapelluhue.cl\/index.php?rest_route=%2Fwp%2Fv2%2Fcategories&post=5256"},{"taxonomy":"post_tag","embeddable":true,"href":"https:\/\/radioprimiciapelluhue.cl\/index.php?rest_route=%2Fwp%2Fv2%2Ftags&post=5256"}],"curies":[{"name":"wp","href":"https:\/\/api.w.org\/{rel}","templated":true}]}}