{"id":5273,"date":"2023-04-20T15:05:44","date_gmt":"2023-04-20T19:05:44","guid":{"rendered":"http:\/\/radioprimiciapelluhue.cl\/?p=5273"},"modified":"2023-04-20T15:05:45","modified_gmt":"2023-04-20T19:05:45","slug":"carabineros-realiza-nuevas-modificaciones-en-los-requisitos-de-admision","status":"publish","type":"post","link":"https:\/\/radioprimiciapelluhue.cl\/?p=5273","title":{"rendered":"CARABINEROS REALIZA NUEVAS MODIFICACIONES EN LOS REQUISITOS DE ADMISI\u00d3N."},"content":{"rendered":"\n<p>A partir de ahora podr\u00e1n inscribirse hombres y mujeres desde los 18 y hasta los 30 a\u00f1os de edad, con estatura m\u00ednima de 1,50 mujeres y 1,60 hombres.<\/p>\n\n\n\n<p>Los nuevos cambios en los requisitos de postulaci\u00f3n a Carabineros de Chile ya son una realidad, lo cual alude al rango de edad y estatura para quienes deseen formar parte de las filas de la Instituci\u00f3n Policial.<\/p>\n\n\n\n<p>Los nuevos requisitos de postulaci\u00f3n son los siguientes:<\/p>\n\n\n\n<p>1\u00b0 Ser de nacionalidad chilena.<br>2\u00b0 Edad hombres y mujeres desde 18 a 30 a\u00f1os de edad al momento de ser llamados al curso de formaci\u00f3n.<br>3\u00b0 Estado civil: Soltero (a)<br>4\u00b0 Estudios de ense\u00f1anza media completa al momento de ser llamados al curso de formaci\u00f3n.<br>5\u00b0 Acreditar salud f\u00edsica y ps\u00edquica compatible con la carrera.<br>6\u00b0 Estatura hombres: 1,60 mts descalzo\/ Estatura mujeres: 1,50 mts descalza.<br>7\u00b0 Antecedentes personales y familiares intachables.<br>Cabe destacar que pueden mantener tatuajes visibles exceptuando en cara, cuello y manos.<\/p>\n\n\n\n<p>Desde la sede de postulaciones, se\u00f1alan que es importante destacar que se ha unificado el rango de edad tanto para damas y varones, con lo que se abre una oportunidad de ingreso a adultos j\u00f3venes que est\u00e1n interesados en pertenecer a la instituci\u00f3n, y que por diferentes factores no la hab\u00edan podido hacer con anterioridad. Por otra parte, en los \u00faltimos a\u00f1os los requisitos de estatura tambi\u00e9n han bajado varios cent\u00edmetros lo que ha permitido que m\u00e1s postulantes participen del proceso de reclutamiento y selecci\u00f3n.<\/p>\n\n\n\n<p>Las postulaciones a la Escuela de Formaci\u00f3n de Carabineros, se encuentran abiertas durante todo el a\u00f1o para quienes deseen ser parte de la Instituci\u00f3n. En Linares los interesados deben acudir a la oficina de postulaciones ubicada en Valent\u00edn Letelier 372 o realizar sus consultas\u00a0al\u00a0732\u00a0673\u00a0042.<\/p>\n\n\n\n<figure class=\"wp-block-gallery has-nested-images columns-default is-cropped wp-block-gallery-1 is-layout-flex wp-block-gallery-is-layout-flex\">\n<figure class=\"wp-block-image size-large\"><a href=\"http:\/\/radioprimiciapelluhue.cl\/wp-content\/uploads\/2023\/04\/Imagen-de-WhatsApp-2023-04-20-a-las-11.00.31-1.jpg\"><img loading=\"lazy\" decoding=\"async\" width=\"1024\" height=\"761\" data-id=\"5276\" src=\"http:\/\/radioprimiciapelluhue.cl\/wp-content\/uploads\/2023\/04\/Imagen-de-WhatsApp-2023-04-20-a-las-11.00.31-1-1024x761.jpg\" alt=\"\" class=\"wp-image-5276\" srcset=\"https:\/\/radioprimiciapelluhue.cl\/wp-content\/uploads\/2023\/04\/Imagen-de-WhatsApp-2023-04-20-a-las-11.00.31-1-1024x761.jpg 1024w, https:\/\/radioprimiciapelluhue.cl\/wp-content\/uploads\/2023\/04\/Imagen-de-WhatsApp-2023-04-20-a-las-11.00.31-1-300x223.jpg 300w, https:\/\/radioprimiciapelluhue.cl\/wp-content\/uploads\/2023\/04\/Imagen-de-WhatsApp-2023-04-20-a-las-11.00.31-1-768x571.jpg 768w, https:\/\/radioprimiciapelluhue.cl\/wp-content\/uploads\/2023\/04\/Imagen-de-WhatsApp-2023-04-20-a-las-11.00.31-1.jpg 1412w\" sizes=\"auto, (max-width: 1024px) 100vw, 1024px\" \/><\/a><\/figure>\n<\/figure>\n\n\n\n<figure class=\"wp-block-gallery has-nested-images columns-default is-cropped wp-block-gallery-2 is-layout-flex wp-block-gallery-is-layout-flex\">\n<figure class=\"wp-block-image size-large\"><a href=\"http:\/\/radioprimiciapelluhue.cl\/wp-content\/uploads\/2023\/04\/Imagen-de-WhatsApp-2023-04-20-a-las-11.00.27.jpg\"><img loading=\"lazy\" decoding=\"async\" width=\"869\" height=\"1024\" data-id=\"5275\" src=\"http:\/\/radioprimiciapelluhue.cl\/wp-content\/uploads\/2023\/04\/Imagen-de-WhatsApp-2023-04-20-a-las-11.00.27-869x1024.jpg\" alt=\"\" class=\"wp-image-5275\" srcset=\"https:\/\/radioprimiciapelluhue.cl\/wp-content\/uploads\/2023\/04\/Imagen-de-WhatsApp-2023-04-20-a-las-11.00.27-869x1024.jpg 869w, https:\/\/radioprimiciapelluhue.cl\/wp-content\/uploads\/2023\/04\/Imagen-de-WhatsApp-2023-04-20-a-las-11.00.27-255x300.jpg 255w, https:\/\/radioprimiciapelluhue.cl\/wp-content\/uploads\/2023\/04\/Imagen-de-WhatsApp-2023-04-20-a-las-11.00.27-768x905.jpg 768w, https:\/\/radioprimiciapelluhue.cl\/wp-content\/uploads\/2023\/04\/Imagen-de-WhatsApp-2023-04-20-a-las-11.00.27.jpg 924w\" sizes=\"auto, (max-width: 869px) 100vw, 869px\" \/><\/a><\/figure>\n<\/figure>\n","protected":false},"excerpt":{"rendered":"<p>A partir de ahora podr\u00e1n inscribirse hombres y mujeres desde los 18 y hasta los 30 a\u00f1os de edad, con estatura m\u00ednima de 1,50 mujeres y 1,60 hombres. Los nuevos cambios en los requisitos de postulaci\u00f3n a Carabineros de Chile ya son una realidad, lo cual alude al rango de edad y estatura para quienes [&hellip;]<\/p>\n","protected":false},"author":1,"featured_media":5274,"comment_status":"closed","ping_status":"closed","sticky":false,"template":"","format":"standard","meta":{"footnotes":""},"categories":[61],"tags":[],"class_list":["post-5273","post","type-post","status-publish","format-standard","has-post-thumbnail","hentry","category-informativo"],"_links":{"self":[{"href":"https:\/\/radioprimiciapelluhue.cl\/index.php?rest_route=\/wp\/v2\/posts\/5273","targetHints":{"allow":["GET"]}}],"collection":[{"href":"https:\/\/radioprimiciapelluhue.cl\/index.php?rest_route=\/wp\/v2\/posts"}],"about":[{"href":"https:\/\/radioprimiciapelluhue.cl\/index.php?rest_route=\/wp\/v2\/types\/post"}],"author":[{"embeddable":true,"href":"https:\/\/radioprimiciapelluhue.cl\/index.php?rest_route=\/wp\/v2\/users\/1"}],"replies":[{"embeddable":true,"href":"https:\/\/radioprimiciapelluhue.cl\/index.php?rest_route=%2Fwp%2Fv2%2Fcomments&post=5273"}],"version-history":[{"count":1,"href":"https:\/\/radioprimiciapelluhue.cl\/index.php?rest_route=\/wp\/v2\/posts\/5273\/revisions"}],"predecessor-version":[{"id":5277,"href":"https:\/\/radioprimiciapelluhue.cl\/index.php?rest_route=\/wp\/v2\/posts\/5273\/revisions\/5277"}],"wp:featuredmedia":[{"embeddable":true,"href":"https:\/\/radioprimiciapelluhue.cl\/index.php?rest_route=\/wp\/v2\/media\/5274"}],"wp:attachment":[{"href":"https:\/\/radioprimiciapelluhue.cl\/index.php?rest_route=%2Fwp%2Fv2%2Fmedia&parent=5273"}],"wp:term":[{"taxonomy":"category","embeddable":true,"href":"https:\/\/radioprimiciapelluhue.cl\/index.php?rest_route=%2Fwp%2Fv2%2Fcategories&post=5273"},{"taxonomy":"post_tag","embeddable":true,"href":"https:\/\/radioprimiciapelluhue.cl\/index.php?rest_route=%2Fwp%2Fv2%2Ftags&post=5273"}],"curies":[{"name":"wp","href":"https:\/\/api.w.org\/{rel}","templated":true}]}}