{"id":5278,"date":"2023-04-20T15:51:38","date_gmt":"2023-04-20T19:51:38","guid":{"rendered":"http:\/\/radioprimiciapelluhue.cl\/?p=5278"},"modified":"2023-04-20T15:51:39","modified_gmt":"2023-04-20T19:51:39","slug":"aprueban-proyecto-del-diputado-coloma-que-extiende-hasta-abril-de-2025-el-plazo-para-que-agricultores-puedan-inscribir-sus-derechos-de-agua","status":"publish","type":"post","link":"https:\/\/radioprimiciapelluhue.cl\/?p=5278","title":{"rendered":"<strong>Aprueban proyecto del diputado Coloma que extiende hasta abril de 2025 el plazo para que agricultores puedan inscribir sus derechos de agua<\/strong>"},"content":{"rendered":"\n<p><em>El presidente de la comisi\u00f3n de Agricultura anunci\u00f3 que el Gobierno tambi\u00e9n se comprometi\u00f3 a priorizar dicha iniciativa para que pueda convertirse en ley lo antes posible.<\/em><\/p>\n\n\n\n<p>Esta semana, la comisi\u00f3n de Recursos H\u00eddricos y Desertificaci\u00f3n de la C\u00e1mara Baja aprob\u00f3 un proyecto de ley que present\u00f3 el diputado de la Bancada UDI, Juan Antonio Coloma, que busca extender por tres a\u00f1os m\u00e1s el plazo que existe para inscribir todos los derechos de aprovechamiento de agua que poseen los peque\u00f1os, medianos y grandes agricultores del pa\u00eds, considerando las distintas complicaciones que han enfrentado para dar cumplimiento con dicha normativa.<\/p>\n\n\n\n<p>Al respecto, el parlamentario gremialista record\u00f3 que con las modificaciones que se le hicieron al C\u00f3digo de Aguas, se estableci\u00f3 -en abril de 2022- un per\u00edodo de 18 meses para que los titulares pudieran inscribir sus derechos ante la Direcci\u00f3n General de Aguas (DGA) o el Conservador de Bienes Ra\u00edces, seg\u00fan corresponda. Sin embargo, producto de las dificultades procedimentales y administrativas que han enfrentado los usuarios, y tomando en cuenta que el plazo vence el 6 de octubre de este a\u00f1o, Coloma propuso ampliar la fecha hasta abril de 2025, lo que finalmente fue aprobado en la comisi\u00f3n y, adem\u00e1s, cont\u00f3 con el respaldo del Ministerio de Agricultora.<\/p>\n\n\n\n<p>\u201cLuego de reunirme con distintos agricultores de nuestra zona y del pa\u00eds, decid\u00ed presentar un proyecto de ley que busca ampliar el actual plazo que tienen los productores para inscribir sus derechos de agua ante la DGA. El plazo de 18 meses que estableci\u00f3 el nuevo C\u00f3digo de Aguas es absolutamente insuficiente y muy complejo de poder cumplir, y por eso decidimos presentar esta iniciativa que ya dio un primer paso en la comisi\u00f3n de Recursos H\u00eddricos, y donde adem\u00e1s logramos convencer al Gobierno de la importancia que tiene\u201d, destac\u00f3 el diputado Coloma.<\/p>\n\n\n\n<p>Por lo mismo, el adem\u00e1s presidente de la comisi\u00f3n de Agricultura de la C\u00e1mara Baja anunci\u00f3 que priorizar\u00e1 el proyecto en dicha instancia durante los pr\u00f3ximos d\u00edas legislativos, de manera que pueda ser aprobado lo antes posible y as\u00ed se despache a la Sala y luego al Senado.<\/p>\n\n\n\n<p>\u201cVamos a otorgarle el m\u00e1ximo de prioridad a este proyecto, porque sabemos que el actual proceso mantiene muy complicados a los titulares de derechos de agua y el plazo est\u00e1 encima. Lo importante es que tenemos el compromiso del Ministerio de Agricultura de ponerle urgencia a la iniciativa, para que as\u00ed lo saquemos pronto adelante y se convierta en una muy buena noticia para todos los agricultores\u201d, reiter\u00f3 el parlamentario de la UDI, quien tambi\u00e9n explic\u00f3 que en el caso de los usuarios que s\u00ed pertenecen al Indap, el plazo para inscribir sus derechos reci\u00e9n vence el 6 de abril de 2027.<\/p>\n\n\n\n<p>Por \u00faltimo, el diputado Coloma aclar\u00f3 que \u201ces muy probable que este plazo no se vuelva a ampliar otra vez\u201d, por lo que llam\u00f3 a los titulares, sobre todo a los agricultores de la zona, a que \u201cpuedan regularizar sus derechos lo antes posible ante la DGA, porque vamos a conseguir que el plazo se ampl\u00ede hasta abril de 2025 y lo que esperamos es que todos puedan aprovechar este nuevo per\u00edodo\u201d.<\/p>\n\n\n\n<figure class=\"wp-block-gallery has-nested-images columns-default is-cropped wp-block-gallery-1 is-layout-flex wp-block-gallery-is-layout-flex\">\n<figure class=\"wp-block-image size-large\"><a href=\"http:\/\/radioprimiciapelluhue.cl\/wp-content\/uploads\/2023\/04\/Imagen-de-WhatsApp-2023-04-20-a-las-15.48.04.jpg\"><img loading=\"lazy\" decoding=\"async\" width=\"808\" height=\"447\" data-id=\"5279\" src=\"http:\/\/radioprimiciapelluhue.cl\/wp-content\/uploads\/2023\/04\/Imagen-de-WhatsApp-2023-04-20-a-las-15.48.04.jpg\" alt=\"\" class=\"wp-image-5279\" srcset=\"https:\/\/radioprimiciapelluhue.cl\/wp-content\/uploads\/2023\/04\/Imagen-de-WhatsApp-2023-04-20-a-las-15.48.04.jpg 808w, https:\/\/radioprimiciapelluhue.cl\/wp-content\/uploads\/2023\/04\/Imagen-de-WhatsApp-2023-04-20-a-las-15.48.04-300x166.jpg 300w, https:\/\/radioprimiciapelluhue.cl\/wp-content\/uploads\/2023\/04\/Imagen-de-WhatsApp-2023-04-20-a-las-15.48.04-768x425.jpg 768w\" sizes=\"auto, (max-width: 808px) 100vw, 808px\" \/><\/a><\/figure>\n<\/figure>\n","protected":false},"excerpt":{"rendered":"<p>El presidente de la comisi\u00f3n de Agricultura anunci\u00f3 que el Gobierno tambi\u00e9n se comprometi\u00f3 a priorizar dicha iniciativa para que pueda convertirse en ley lo antes posible. Esta semana, la comisi\u00f3n de Recursos H\u00eddricos y Desertificaci\u00f3n de la C\u00e1mara Baja aprob\u00f3 un proyecto de ley que present\u00f3 el diputado de la Bancada UDI, Juan Antonio [&hellip;]<\/p>\n","protected":false},"author":1,"featured_media":5280,"comment_status":"closed","ping_status":"closed","sticky":false,"template":"","format":"standard","meta":{"footnotes":""},"categories":[60],"tags":[],"class_list":["post-5278","post","type-post","status-publish","format-standard","has-post-thumbnail","hentry","category-politica"],"_links":{"self":[{"href":"https:\/\/radioprimiciapelluhue.cl\/index.php?rest_route=\/wp\/v2\/posts\/5278","targetHints":{"allow":["GET"]}}],"collection":[{"href":"https:\/\/radioprimiciapelluhue.cl\/index.php?rest_route=\/wp\/v2\/posts"}],"about":[{"href":"https:\/\/radioprimiciapelluhue.cl\/index.php?rest_route=\/wp\/v2\/types\/post"}],"author":[{"embeddable":true,"href":"https:\/\/radioprimiciapelluhue.cl\/index.php?rest_route=\/wp\/v2\/users\/1"}],"replies":[{"embeddable":true,"href":"https:\/\/radioprimiciapelluhue.cl\/index.php?rest_route=%2Fwp%2Fv2%2Fcomments&post=5278"}],"version-history":[{"count":1,"href":"https:\/\/radioprimiciapelluhue.cl\/index.php?rest_route=\/wp\/v2\/posts\/5278\/revisions"}],"predecessor-version":[{"id":5281,"href":"https:\/\/radioprimiciapelluhue.cl\/index.php?rest_route=\/wp\/v2\/posts\/5278\/revisions\/5281"}],"wp:featuredmedia":[{"embeddable":true,"href":"https:\/\/radioprimiciapelluhue.cl\/index.php?rest_route=\/wp\/v2\/media\/5280"}],"wp:attachment":[{"href":"https:\/\/radioprimiciapelluhue.cl\/index.php?rest_route=%2Fwp%2Fv2%2Fmedia&parent=5278"}],"wp:term":[{"taxonomy":"category","embeddable":true,"href":"https:\/\/radioprimiciapelluhue.cl\/index.php?rest_route=%2Fwp%2Fv2%2Fcategories&post=5278"},{"taxonomy":"post_tag","embeddable":true,"href":"https:\/\/radioprimiciapelluhue.cl\/index.php?rest_route=%2Fwp%2Fv2%2Ftags&post=5278"}],"curies":[{"name":"wp","href":"https:\/\/api.w.org\/{rel}","templated":true}]}}