{"id":5282,"date":"2023-04-22T11:49:04","date_gmt":"2023-04-22T15:49:04","guid":{"rendered":"http:\/\/radioprimiciapelluhue.cl\/?p=5282"},"modified":"2023-04-22T11:49:05","modified_gmt":"2023-04-22T15:49:05","slug":"carabineros-de-linares-realiza-romerias-en-su-mes-aniversario","status":"publish","type":"post","link":"https:\/\/radioprimiciapelluhue.cl\/?p=5282","title":{"rendered":"<strong>CARABINEROS DE LINARES REALIZA ROMER\u00cdAS EN SU MES ANIVERSARIO<\/strong>"},"content":{"rendered":"\n<p><strong>Se efect\u00faa como es tradici\u00f3n la Romer\u00eda, instancia en la cual se recuerda a aquellos funcionarios policiales que han fallecido defendiendo la patria.<\/strong><\/p>\n\n\n\n<p><strong>Durante la ma\u00f1ana de este viernes se desarroll\u00f3 la habitual Romer\u00eda, en este contexto a las 10 de la ma\u00f1ana en el Parque \u00abLas Rosas\u00bb y a las 12 del d\u00eda en el Campo Sacro de la ciudad; Ocasi\u00f3n que fue liderada por el&nbsp;&nbsp; Prefecto de la Prefectura de Linares Nro.15 Carlos Tapia Torres Valenzuela junto a oficiales, suboficiales, cabos y Carabineros, adem\u00e1s de las familias de los m\u00e1rtires de la instituci\u00f3n uniformada de la provincia de Linares.<\/strong><\/p>\n\n\n\n<p><strong>La Romer\u00eda es una actividad que se realiza cada a\u00f1o con motivo de la celebraci\u00f3n del aniversario de Carabineros de Chile, con la finalidad de homenajear a todos los Carabineros que han ca\u00eddo en cumpliendo del deber y sirviendo a la patria, a trav\u00e9s de sus valores s\u00f3lidos y su labor intachable, entregando sus vidas al servicio de la noble misi\u00f3n de servir a Chile.<\/strong><\/p>\n\n\n\n<p><strong>En la instancia se record\u00f3 al m\u00e1rtir Suboficial Cristi\u00e1n Mart\u00ednez Badilla, quien en un acto patri\u00f3tico en la noche del 11 de Septiembre del 2012 en el noble cumplimiento de su juramento de servicio, ofrend\u00f3 su vida en el ejercicio de sus funciones profesionales como garante del orden&nbsp; y seguridad p\u00fablica en beneficio de la ciudadan\u00eda; a su vez, se record\u00f3 al Sargento 2do Jos\u00e9 Gonz\u00e1lez Parra, quien perdi\u00f3 la vida el 8 de noviembre del a\u00f1o 2017 en Longavi, debido a un enfrentamiento con un delincuente.<\/strong><\/p>\n\n\n\n<p><strong>Hombres que con gran valent\u00eda se entregaron a la Instituci\u00f3n de Carabineros de Chile, quienes con cari\u00f1o, admiraci\u00f3n y respeto, vistieron con orgullo su uniforme hasta el \u00faltimo d\u00eda de sus vidas.<\/strong><\/p>\n\n\n\n<p><strong>CARABINEROS DE CHILE, CARABINEROS\u00a0DE\u00a0TODOS.<\/strong><\/p>\n\n\n\n<figure class=\"wp-block-gallery has-nested-images columns-default is-cropped wp-block-gallery-1 is-layout-flex wp-block-gallery-is-layout-flex\">\n<figure class=\"wp-block-image size-large\"><a href=\"http:\/\/radioprimiciapelluhue.cl\/wp-content\/uploads\/2023\/04\/Imagen-de-WhatsApp-2023-04-21-a-las-15.56.21.jpg\"><img loading=\"lazy\" decoding=\"async\" width=\"1024\" height=\"620\" data-id=\"5283\" src=\"http:\/\/radioprimiciapelluhue.cl\/wp-content\/uploads\/2023\/04\/Imagen-de-WhatsApp-2023-04-21-a-las-15.56.21-1024x620.jpg\" alt=\"\" class=\"wp-image-5283\" srcset=\"https:\/\/radioprimiciapelluhue.cl\/wp-content\/uploads\/2023\/04\/Imagen-de-WhatsApp-2023-04-21-a-las-15.56.21-1024x620.jpg 1024w, https:\/\/radioprimiciapelluhue.cl\/wp-content\/uploads\/2023\/04\/Imagen-de-WhatsApp-2023-04-21-a-las-15.56.21-300x182.jpg 300w, https:\/\/radioprimiciapelluhue.cl\/wp-content\/uploads\/2023\/04\/Imagen-de-WhatsApp-2023-04-21-a-las-15.56.21-768x465.jpg 768w, https:\/\/radioprimiciapelluhue.cl\/wp-content\/uploads\/2023\/04\/Imagen-de-WhatsApp-2023-04-21-a-las-15.56.21.jpg 1280w\" sizes=\"auto, (max-width: 1024px) 100vw, 1024px\" \/><\/a><\/figure>\n\n\n\n<figure class=\"wp-block-image size-large\"><a href=\"http:\/\/radioprimiciapelluhue.cl\/wp-content\/uploads\/2023\/04\/Imagen-de-WhatsApp-2023-04-21-a-las-15.56.212.jpg\"><img loading=\"lazy\" decoding=\"async\" width=\"1024\" height=\"650\" data-id=\"5285\" src=\"http:\/\/radioprimiciapelluhue.cl\/wp-content\/uploads\/2023\/04\/Imagen-de-WhatsApp-2023-04-21-a-las-15.56.212-1024x650.jpg\" alt=\"\" class=\"wp-image-5285\" srcset=\"https:\/\/radioprimiciapelluhue.cl\/wp-content\/uploads\/2023\/04\/Imagen-de-WhatsApp-2023-04-21-a-las-15.56.212-1024x650.jpg 1024w, https:\/\/radioprimiciapelluhue.cl\/wp-content\/uploads\/2023\/04\/Imagen-de-WhatsApp-2023-04-21-a-las-15.56.212-300x190.jpg 300w, https:\/\/radioprimiciapelluhue.cl\/wp-content\/uploads\/2023\/04\/Imagen-de-WhatsApp-2023-04-21-a-las-15.56.212-768x487.jpg 768w, https:\/\/radioprimiciapelluhue.cl\/wp-content\/uploads\/2023\/04\/Imagen-de-WhatsApp-2023-04-21-a-las-15.56.212.jpg 1280w\" sizes=\"auto, (max-width: 1024px) 100vw, 1024px\" \/><\/a><\/figure>\n\n\n\n<figure class=\"wp-block-image size-large\"><a href=\"http:\/\/radioprimiciapelluhue.cl\/wp-content\/uploads\/2023\/04\/Imagen-de-WhatsApp-2023-04-21-a-las-15.56.213.jpg\"><img loading=\"lazy\" decoding=\"async\" width=\"1024\" height=\"853\" data-id=\"5286\" src=\"http:\/\/radioprimiciapelluhue.cl\/wp-content\/uploads\/2023\/04\/Imagen-de-WhatsApp-2023-04-21-a-las-15.56.213-1024x853.jpg\" alt=\"\" class=\"wp-image-5286\" srcset=\"https:\/\/radioprimiciapelluhue.cl\/wp-content\/uploads\/2023\/04\/Imagen-de-WhatsApp-2023-04-21-a-las-15.56.213-1024x853.jpg 1024w, https:\/\/radioprimiciapelluhue.cl\/wp-content\/uploads\/2023\/04\/Imagen-de-WhatsApp-2023-04-21-a-las-15.56.213-300x250.jpg 300w, https:\/\/radioprimiciapelluhue.cl\/wp-content\/uploads\/2023\/04\/Imagen-de-WhatsApp-2023-04-21-a-las-15.56.213-768x640.jpg 768w, https:\/\/radioprimiciapelluhue.cl\/wp-content\/uploads\/2023\/04\/Imagen-de-WhatsApp-2023-04-21-a-las-15.56.213.jpg 1280w\" sizes=\"auto, (max-width: 1024px) 100vw, 1024px\" \/><\/a><\/figure>\n\n\n\n<figure class=\"wp-block-image size-large\"><a href=\"http:\/\/radioprimiciapelluhue.cl\/wp-content\/uploads\/2023\/04\/Imagen-de-WhatsApp-2023-04-21-a-las-15.56.224.jpg\"><img loading=\"lazy\" decoding=\"async\" width=\"1024\" height=\"648\" data-id=\"5284\" src=\"http:\/\/radioprimiciapelluhue.cl\/wp-content\/uploads\/2023\/04\/Imagen-de-WhatsApp-2023-04-21-a-las-15.56.224-1024x648.jpg\" alt=\"\" class=\"wp-image-5284\" srcset=\"https:\/\/radioprimiciapelluhue.cl\/wp-content\/uploads\/2023\/04\/Imagen-de-WhatsApp-2023-04-21-a-las-15.56.224-1024x648.jpg 1024w, https:\/\/radioprimiciapelluhue.cl\/wp-content\/uploads\/2023\/04\/Imagen-de-WhatsApp-2023-04-21-a-las-15.56.224-300x190.jpg 300w, https:\/\/radioprimiciapelluhue.cl\/wp-content\/uploads\/2023\/04\/Imagen-de-WhatsApp-2023-04-21-a-las-15.56.224-768x486.jpg 768w, https:\/\/radioprimiciapelluhue.cl\/wp-content\/uploads\/2023\/04\/Imagen-de-WhatsApp-2023-04-21-a-las-15.56.224.jpg 1280w\" sizes=\"auto, (max-width: 1024px) 100vw, 1024px\" \/><\/a><\/figure>\n\n\n\n<figure class=\"wp-block-image size-large\"><a href=\"http:\/\/radioprimiciapelluhue.cl\/wp-content\/uploads\/2023\/04\/Imagen-de-WhatsApp-2023-04-21-a-las-15.56.225.jpg\"><img loading=\"lazy\" decoding=\"async\" width=\"1024\" height=\"674\" data-id=\"5287\" src=\"http:\/\/radioprimiciapelluhue.cl\/wp-content\/uploads\/2023\/04\/Imagen-de-WhatsApp-2023-04-21-a-las-15.56.225-1024x674.jpg\" alt=\"\" class=\"wp-image-5287\" srcset=\"https:\/\/radioprimiciapelluhue.cl\/wp-content\/uploads\/2023\/04\/Imagen-de-WhatsApp-2023-04-21-a-las-15.56.225-1024x674.jpg 1024w, https:\/\/radioprimiciapelluhue.cl\/wp-content\/uploads\/2023\/04\/Imagen-de-WhatsApp-2023-04-21-a-las-15.56.225-300x197.jpg 300w, https:\/\/radioprimiciapelluhue.cl\/wp-content\/uploads\/2023\/04\/Imagen-de-WhatsApp-2023-04-21-a-las-15.56.225-768x505.jpg 768w, https:\/\/radioprimiciapelluhue.cl\/wp-content\/uploads\/2023\/04\/Imagen-de-WhatsApp-2023-04-21-a-las-15.56.225.jpg 1280w\" sizes=\"auto, (max-width: 1024px) 100vw, 1024px\" \/><\/a><\/figure>\n\n\n\n<figure class=\"wp-block-image size-large\"><a href=\"http:\/\/radioprimiciapelluhue.cl\/wp-content\/uploads\/2023\/04\/Imagen-de-WhatsApp-2023-04-21-a-las-15.56.236.jpg\"><img loading=\"lazy\" decoding=\"async\" width=\"1024\" height=\"627\" data-id=\"5288\" src=\"http:\/\/radioprimiciapelluhue.cl\/wp-content\/uploads\/2023\/04\/Imagen-de-WhatsApp-2023-04-21-a-las-15.56.236-1024x627.jpg\" alt=\"\" class=\"wp-image-5288\" srcset=\"https:\/\/radioprimiciapelluhue.cl\/wp-content\/uploads\/2023\/04\/Imagen-de-WhatsApp-2023-04-21-a-las-15.56.236-1024x627.jpg 1024w, https:\/\/radioprimiciapelluhue.cl\/wp-content\/uploads\/2023\/04\/Imagen-de-WhatsApp-2023-04-21-a-las-15.56.236-300x184.jpg 300w, https:\/\/radioprimiciapelluhue.cl\/wp-content\/uploads\/2023\/04\/Imagen-de-WhatsApp-2023-04-21-a-las-15.56.236-768x470.jpg 768w, https:\/\/radioprimiciapelluhue.cl\/wp-content\/uploads\/2023\/04\/Imagen-de-WhatsApp-2023-04-21-a-las-15.56.236.jpg 1280w\" sizes=\"auto, (max-width: 1024px) 100vw, 1024px\" \/><\/a><\/figure>\n\n\n\n<figure class=\"wp-block-image size-large\"><a href=\"http:\/\/radioprimiciapelluhue.cl\/wp-content\/uploads\/2023\/04\/Imagen-de-WhatsApp-2023-04-21-a-las-15.56.237.jpg\"><img loading=\"lazy\" decoding=\"async\" width=\"1024\" height=\"630\" data-id=\"5291\" src=\"http:\/\/radioprimiciapelluhue.cl\/wp-content\/uploads\/2023\/04\/Imagen-de-WhatsApp-2023-04-21-a-las-15.56.237-1024x630.jpg\" alt=\"\" class=\"wp-image-5291\" srcset=\"https:\/\/radioprimiciapelluhue.cl\/wp-content\/uploads\/2023\/04\/Imagen-de-WhatsApp-2023-04-21-a-las-15.56.237-1024x630.jpg 1024w, https:\/\/radioprimiciapelluhue.cl\/wp-content\/uploads\/2023\/04\/Imagen-de-WhatsApp-2023-04-21-a-las-15.56.237-300x184.jpg 300w, https:\/\/radioprimiciapelluhue.cl\/wp-content\/uploads\/2023\/04\/Imagen-de-WhatsApp-2023-04-21-a-las-15.56.237-768x472.jpg 768w, https:\/\/radioprimiciapelluhue.cl\/wp-content\/uploads\/2023\/04\/Imagen-de-WhatsApp-2023-04-21-a-las-15.56.237.jpg 1280w\" sizes=\"auto, (max-width: 1024px) 100vw, 1024px\" \/><\/a><\/figure>\n\n\n\n<figure class=\"wp-block-image size-large\"><a href=\"http:\/\/radioprimiciapelluhue.cl\/wp-content\/uploads\/2023\/04\/Imagen-de-WhatsApp-2023-04-21-a-las-15.56.248.jpg\"><img loading=\"lazy\" decoding=\"async\" width=\"1024\" height=\"640\" data-id=\"5290\" src=\"http:\/\/radioprimiciapelluhue.cl\/wp-content\/uploads\/2023\/04\/Imagen-de-WhatsApp-2023-04-21-a-las-15.56.248-1024x640.jpg\" alt=\"\" class=\"wp-image-5290\" srcset=\"https:\/\/radioprimiciapelluhue.cl\/wp-content\/uploads\/2023\/04\/Imagen-de-WhatsApp-2023-04-21-a-las-15.56.248-1024x640.jpg 1024w, https:\/\/radioprimiciapelluhue.cl\/wp-content\/uploads\/2023\/04\/Imagen-de-WhatsApp-2023-04-21-a-las-15.56.248-300x188.jpg 300w, https:\/\/radioprimiciapelluhue.cl\/wp-content\/uploads\/2023\/04\/Imagen-de-WhatsApp-2023-04-21-a-las-15.56.248-768x480.jpg 768w, https:\/\/radioprimiciapelluhue.cl\/wp-content\/uploads\/2023\/04\/Imagen-de-WhatsApp-2023-04-21-a-las-15.56.248.jpg 1280w\" sizes=\"auto, (max-width: 1024px) 100vw, 1024px\" \/><\/a><\/figure>\n\n\n\n<figure class=\"wp-block-image size-large\"><a href=\"http:\/\/radioprimiciapelluhue.cl\/wp-content\/uploads\/2023\/04\/Imagen-de-WhatsApp-2023-04-21-a-las-15.56.3210.jpg\"><img loading=\"lazy\" decoding=\"async\" width=\"1024\" height=\"632\" data-id=\"5289\" src=\"http:\/\/radioprimiciapelluhue.cl\/wp-content\/uploads\/2023\/04\/Imagen-de-WhatsApp-2023-04-21-a-las-15.56.3210-1024x632.jpg\" alt=\"\" class=\"wp-image-5289\" srcset=\"https:\/\/radioprimiciapelluhue.cl\/wp-content\/uploads\/2023\/04\/Imagen-de-WhatsApp-2023-04-21-a-las-15.56.3210-1024x632.jpg 1024w, https:\/\/radioprimiciapelluhue.cl\/wp-content\/uploads\/2023\/04\/Imagen-de-WhatsApp-2023-04-21-a-las-15.56.3210-300x185.jpg 300w, https:\/\/radioprimiciapelluhue.cl\/wp-content\/uploads\/2023\/04\/Imagen-de-WhatsApp-2023-04-21-a-las-15.56.3210-768x474.jpg 768w, https:\/\/radioprimiciapelluhue.cl\/wp-content\/uploads\/2023\/04\/Imagen-de-WhatsApp-2023-04-21-a-las-15.56.3210.jpg 1280w\" sizes=\"auto, (max-width: 1024px) 100vw, 1024px\" \/><\/a><\/figure>\n<\/figure>\n","protected":false},"excerpt":{"rendered":"<p>Se efect\u00faa como es tradici\u00f3n la Romer\u00eda, instancia en la cual se recuerda a aquellos funcionarios policiales que han fallecido defendiendo la patria. Durante la ma\u00f1ana de este viernes se desarroll\u00f3 la habitual Romer\u00eda, en este contexto a las 10 de la ma\u00f1ana en el Parque \u00abLas Rosas\u00bb y a las 12 del d\u00eda en [&hellip;]<\/p>\n","protected":false},"author":1,"featured_media":5292,"comment_status":"closed","ping_status":"closed","sticky":false,"template":"","format":"standard","meta":{"footnotes":""},"categories":[2],"tags":[],"class_list":["post-5282","post","type-post","status-publish","format-standard","has-post-thumbnail","hentry","category-noticias"],"_links":{"self":[{"href":"https:\/\/radioprimiciapelluhue.cl\/index.php?rest_route=\/wp\/v2\/posts\/5282","targetHints":{"allow":["GET"]}}],"collection":[{"href":"https:\/\/radioprimiciapelluhue.cl\/index.php?rest_route=\/wp\/v2\/posts"}],"about":[{"href":"https:\/\/radioprimiciapelluhue.cl\/index.php?rest_route=\/wp\/v2\/types\/post"}],"author":[{"embeddable":true,"href":"https:\/\/radioprimiciapelluhue.cl\/index.php?rest_route=\/wp\/v2\/users\/1"}],"replies":[{"embeddable":true,"href":"https:\/\/radioprimiciapelluhue.cl\/index.php?rest_route=%2Fwp%2Fv2%2Fcomments&post=5282"}],"version-history":[{"count":1,"href":"https:\/\/radioprimiciapelluhue.cl\/index.php?rest_route=\/wp\/v2\/posts\/5282\/revisions"}],"predecessor-version":[{"id":5293,"href":"https:\/\/radioprimiciapelluhue.cl\/index.php?rest_route=\/wp\/v2\/posts\/5282\/revisions\/5293"}],"wp:featuredmedia":[{"embeddable":true,"href":"https:\/\/radioprimiciapelluhue.cl\/index.php?rest_route=\/wp\/v2\/media\/5292"}],"wp:attachment":[{"href":"https:\/\/radioprimiciapelluhue.cl\/index.php?rest_route=%2Fwp%2Fv2%2Fmedia&parent=5282"}],"wp:term":[{"taxonomy":"category","embeddable":true,"href":"https:\/\/radioprimiciapelluhue.cl\/index.php?rest_route=%2Fwp%2Fv2%2Fcategories&post=5282"},{"taxonomy":"post_tag","embeddable":true,"href":"https:\/\/radioprimiciapelluhue.cl\/index.php?rest_route=%2Fwp%2Fv2%2Ftags&post=5282"}],"curies":[{"name":"wp","href":"https:\/\/api.w.org\/{rel}","templated":true}]}}