{"id":5308,"date":"2023-05-05T11:43:20","date_gmt":"2023-05-05T15:43:20","guid":{"rendered":"http:\/\/radioprimiciapelluhue.cl\/?p=5308"},"modified":"2023-05-05T11:43:20","modified_gmt":"2023-05-05T15:43:20","slug":"el-fosis-inicio-postulaciones-a-sus-programas-de-emprendimiento-2023","status":"publish","type":"post","link":"https:\/\/radioprimiciapelluhue.cl\/?p=5308","title":{"rendered":"<strong>El FOSIS inici\u00f3 postulaciones a sus programas de emprendimiento 2023<\/strong>"},"content":{"rendered":"\n<p>Desde hoy y hasta el martes 9 de mayo, el Fondo de Solidaridad e Inversi\u00f3n Social, FOSIS, mantendr\u00e1 habilitado este nuevo proceso anual de postulaciones a sus programas de emprendimiento, dirigido exclusivamente a quienes tienen una idea de negocio y sue\u00f1an con hacerla realidad, y a quienes desean hacer crecer o consolidar el negocio que ya tienen en funcionamiento.<\/p>\n\n\n\n<p>Para lanzar regionalmente este nuevo concurso, el Director Regional del FOSIS, Patricio Uribe, y el representante de la Seremi de Desarrollo Social y Familia, Pedro Espinoza, visitaron en la comuna de Maule a la emprendedora Estefani Toro, quien gracias a las capacitaciones y recursos entregados en a\u00f1os anteriores por el FOSIS, pudo fortalecer su negocio de publicidad, estampados y sublimaci\u00f3n, logrando trabajar desde la comodidad de su hogar -ubicado en el sector rural de Qui\u00f1ipeumo- y obtener los ingresos necesarios para alcanzar estabilidad y mejorar su calidad de vida y la de su familia.<\/p>\n\n\n\n<p>\u201cLos invito a participar de los programas del FOSIS, que entregan la base para poder seguir en un emprendimiento. Las capacitaciones, los cursos y los recursos que entrega son muy buenos y de verdad ayudan mucho para salir adelante y poder surgir\u201d, indic\u00f3.<\/p>\n\n\n\n<p>Cabe se\u00f1alar que los cupos asignados este a\u00f1o a la Regi\u00f3n del Maule corresponden a 1.854.<\/p>\n\n\n\n<p>Uribe, en tanto, explic\u00f3 que los programas 2023 de emprendimiento del FOSIS \u201centregan capacitaciones, asesor\u00edas personalizadas, financiamiento de $350.000 a $750.000, material did\u00e1ctico y educativo, y servicio de cuidado infantil durante las actividades grupales del proceso de formaci\u00f3n\u201d.<\/p>\n\n\n\n<p>\u201cLos requisitos generales para postular -a\u00f1ade Uribe- son tener 18 a\u00f1os o m\u00e1s, tener Registro Social de Hogares y estar dentro del 40% de mayor vulnerabilidad, tener c\u00e9dula de identidad y residir en una comuna donde se ejecute determinado programa. Quienes cumplan con los requisitos, pueden postular en <a href=\"http:\/\/www.fosis.gob.cl\">www.fosis.gob.cl<\/a>, contando con Clave \u00danica.<\/p>\n\n\n\n<p>Finalmente, Pedro Espinoza agreg\u00f3 que estos programas y apoyos del Gobierno a trav\u00e9s del FOSIS \u201cbrindan los instrumentos necesarios para crear mayores oportunidades, generar movilidad econ\u00f3mica, ingresos, empleo y opciones concretas de mejorar la calidad de vida de maulinas y maulinos\u201d.<\/p>\n\n\n\n<p><\/p>\n\n\n\n<figure class=\"wp-block-gallery has-nested-images columns-default is-cropped wp-block-gallery-1 is-layout-flex wp-block-gallery-is-layout-flex\">\n<figure class=\"wp-block-image size-large\"><a href=\"http:\/\/radioprimiciapelluhue.cl\/wp-content\/uploads\/2023\/05\/DSC_2012.jpg\"><img loading=\"lazy\" decoding=\"async\" width=\"1024\" height=\"768\" data-id=\"5309\" src=\"http:\/\/radioprimiciapelluhue.cl\/wp-content\/uploads\/2023\/05\/DSC_2012-1024x768.jpg\" alt=\"\" class=\"wp-image-5309\" srcset=\"https:\/\/radioprimiciapelluhue.cl\/wp-content\/uploads\/2023\/05\/DSC_2012-1024x768.jpg 1024w, https:\/\/radioprimiciapelluhue.cl\/wp-content\/uploads\/2023\/05\/DSC_2012-300x225.jpg 300w, https:\/\/radioprimiciapelluhue.cl\/wp-content\/uploads\/2023\/05\/DSC_2012-768x576.jpg 768w, https:\/\/radioprimiciapelluhue.cl\/wp-content\/uploads\/2023\/05\/DSC_2012-1536x1152.jpg 1536w, https:\/\/radioprimiciapelluhue.cl\/wp-content\/uploads\/2023\/05\/DSC_2012.jpg 2016w\" sizes=\"auto, (max-width: 1024px) 100vw, 1024px\" \/><\/a><\/figure>\n\n\n\n<figure class=\"wp-block-image size-large\"><a href=\"http:\/\/radioprimiciapelluhue.cl\/wp-content\/uploads\/2023\/05\/DSC_2014.jpg\"><img loading=\"lazy\" decoding=\"async\" width=\"1024\" height=\"768\" data-id=\"5310\" src=\"http:\/\/radioprimiciapelluhue.cl\/wp-content\/uploads\/2023\/05\/DSC_2014-1024x768.jpg\" alt=\"\" class=\"wp-image-5310\" srcset=\"https:\/\/radioprimiciapelluhue.cl\/wp-content\/uploads\/2023\/05\/DSC_2014-1024x768.jpg 1024w, https:\/\/radioprimiciapelluhue.cl\/wp-content\/uploads\/2023\/05\/DSC_2014-300x225.jpg 300w, https:\/\/radioprimiciapelluhue.cl\/wp-content\/uploads\/2023\/05\/DSC_2014-768x576.jpg 768w, https:\/\/radioprimiciapelluhue.cl\/wp-content\/uploads\/2023\/05\/DSC_2014-1536x1152.jpg 1536w, https:\/\/radioprimiciapelluhue.cl\/wp-content\/uploads\/2023\/05\/DSC_2014.jpg 2016w\" sizes=\"auto, (max-width: 1024px) 100vw, 1024px\" \/><\/a><\/figure>\n<\/figure>\n","protected":false},"excerpt":{"rendered":"<p>Desde hoy y hasta el martes 9 de mayo, el Fondo de Solidaridad e Inversi\u00f3n Social, FOSIS, mantendr\u00e1 habilitado este nuevo proceso anual de postulaciones a sus programas de emprendimiento, dirigido exclusivamente a quienes tienen una idea de negocio y sue\u00f1an con hacerla realidad, y a quienes desean hacer crecer o consolidar el negocio que [&hellip;]<\/p>\n","protected":false},"author":1,"featured_media":5169,"comment_status":"closed","ping_status":"closed","sticky":false,"template":"","format":"standard","meta":{"footnotes":""},"categories":[2],"tags":[],"class_list":["post-5308","post","type-post","status-publish","format-standard","has-post-thumbnail","hentry","category-noticias"],"_links":{"self":[{"href":"https:\/\/radioprimiciapelluhue.cl\/index.php?rest_route=\/wp\/v2\/posts\/5308","targetHints":{"allow":["GET"]}}],"collection":[{"href":"https:\/\/radioprimiciapelluhue.cl\/index.php?rest_route=\/wp\/v2\/posts"}],"about":[{"href":"https:\/\/radioprimiciapelluhue.cl\/index.php?rest_route=\/wp\/v2\/types\/post"}],"author":[{"embeddable":true,"href":"https:\/\/radioprimiciapelluhue.cl\/index.php?rest_route=\/wp\/v2\/users\/1"}],"replies":[{"embeddable":true,"href":"https:\/\/radioprimiciapelluhue.cl\/index.php?rest_route=%2Fwp%2Fv2%2Fcomments&post=5308"}],"version-history":[{"count":1,"href":"https:\/\/radioprimiciapelluhue.cl\/index.php?rest_route=\/wp\/v2\/posts\/5308\/revisions"}],"predecessor-version":[{"id":5311,"href":"https:\/\/radioprimiciapelluhue.cl\/index.php?rest_route=\/wp\/v2\/posts\/5308\/revisions\/5311"}],"wp:featuredmedia":[{"embeddable":true,"href":"https:\/\/radioprimiciapelluhue.cl\/index.php?rest_route=\/wp\/v2\/media\/5169"}],"wp:attachment":[{"href":"https:\/\/radioprimiciapelluhue.cl\/index.php?rest_route=%2Fwp%2Fv2%2Fmedia&parent=5308"}],"wp:term":[{"taxonomy":"category","embeddable":true,"href":"https:\/\/radioprimiciapelluhue.cl\/index.php?rest_route=%2Fwp%2Fv2%2Fcategories&post=5308"},{"taxonomy":"post_tag","embeddable":true,"href":"https:\/\/radioprimiciapelluhue.cl\/index.php?rest_route=%2Fwp%2Fv2%2Ftags&post=5308"}],"curies":[{"name":"wp","href":"https:\/\/api.w.org\/{rel}","templated":true}]}}