{"id":5317,"date":"2023-05-07T22:45:20","date_gmt":"2023-05-08T02:45:20","guid":{"rendered":"http:\/\/radioprimiciapelluhue.cl\/?p=5317"},"modified":"2023-05-07T22:45:20","modified_gmt":"2023-05-08T02:45:20","slug":"consejeros-por-el-maule","status":"publish","type":"post","link":"https:\/\/radioprimiciapelluhue.cl\/?p=5317","title":{"rendered":"CONSEJEROS POR EL MAULE"},"content":{"rendered":"\n<p>As\u00ed qued\u00f3 la Regi\u00f3n del Maule con las\/os candidatos electos al Consejo Constitucional<\/p>\n\n\n\n<p>fuente Diarios en Red<\/p>\n\n\n\n<p><a href=\"https:\/\/www.redmaule.com\/regional\/asi-quedaron-los-resultados-para-consejeros-constitucionales-en-la\">https:\/\/www.redmaule.com\/regional\/asi-quedaron-los-resultados-para-consejeros-constitucionales-en-la<\/a><\/p>\n\n\n\n<figure class=\"wp-block-gallery has-nested-images columns-default is-cropped wp-block-gallery-1 is-layout-flex wp-block-gallery-is-layout-flex\">\n<figure class=\"wp-block-image size-large\"><a href=\"http:\/\/radioprimiciapelluhue.cl\/wp-content\/uploads\/2023\/05\/electos-consejeros-regionales.jpg\"><img loading=\"lazy\" decoding=\"async\" width=\"1024\" height=\"1024\" data-id=\"5318\" src=\"http:\/\/radioprimiciapelluhue.cl\/wp-content\/uploads\/2023\/05\/electos-consejeros-regionales-1024x1024.jpg\" alt=\"\" class=\"wp-image-5318\" srcset=\"https:\/\/radioprimiciapelluhue.cl\/wp-content\/uploads\/2023\/05\/electos-consejeros-regionales-1024x1024.jpg 1024w, https:\/\/radioprimiciapelluhue.cl\/wp-content\/uploads\/2023\/05\/electos-consejeros-regionales-300x300.jpg 300w, https:\/\/radioprimiciapelluhue.cl\/wp-content\/uploads\/2023\/05\/electos-consejeros-regionales-150x150.jpg 150w, https:\/\/radioprimiciapelluhue.cl\/wp-content\/uploads\/2023\/05\/electos-consejeros-regionales-768x768.jpg 768w, https:\/\/radioprimiciapelluhue.cl\/wp-content\/uploads\/2023\/05\/electos-consejeros-regionales-1536x1536.jpg 1536w, https:\/\/radioprimiciapelluhue.cl\/wp-content\/uploads\/2023\/05\/electos-consejeros-regionales-520x520.jpg 520w, https:\/\/radioprimiciapelluhue.cl\/wp-content\/uploads\/2023\/05\/electos-consejeros-regionales-800x800.jpg 800w, https:\/\/radioprimiciapelluhue.cl\/wp-content\/uploads\/2023\/05\/electos-consejeros-regionales-120x120.jpg 120w, https:\/\/radioprimiciapelluhue.cl\/wp-content\/uploads\/2023\/05\/electos-consejeros-regionales.jpg 2000w\" sizes=\"auto, (max-width: 1024px) 100vw, 1024px\" \/><\/a><\/figure>\n<\/figure>\n","protected":false},"excerpt":{"rendered":"<p>As\u00ed qued\u00f3 la Regi\u00f3n del Maule con las\/os candidatos electos al Consejo Constitucional fuente Diarios en Red https:\/\/www.redmaule.com\/regional\/asi-quedaron-los-resultados-para-consejeros-constitucionales-en-la<\/p>\n","protected":false},"author":1,"featured_media":5318,"comment_status":"closed","ping_status":"closed","sticky":false,"template":"","format":"standard","meta":{"footnotes":""},"categories":[2],"tags":[],"class_list":["post-5317","post","type-post","status-publish","format-standard","has-post-thumbnail","hentry","category-noticias"],"_links":{"self":[{"href":"https:\/\/radioprimiciapelluhue.cl\/index.php?rest_route=\/wp\/v2\/posts\/5317","targetHints":{"allow":["GET"]}}],"collection":[{"href":"https:\/\/radioprimiciapelluhue.cl\/index.php?rest_route=\/wp\/v2\/posts"}],"about":[{"href":"https:\/\/radioprimiciapelluhue.cl\/index.php?rest_route=\/wp\/v2\/types\/post"}],"author":[{"embeddable":true,"href":"https:\/\/radioprimiciapelluhue.cl\/index.php?rest_route=\/wp\/v2\/users\/1"}],"replies":[{"embeddable":true,"href":"https:\/\/radioprimiciapelluhue.cl\/index.php?rest_route=%2Fwp%2Fv2%2Fcomments&post=5317"}],"version-history":[{"count":1,"href":"https:\/\/radioprimiciapelluhue.cl\/index.php?rest_route=\/wp\/v2\/posts\/5317\/revisions"}],"predecessor-version":[{"id":5319,"href":"https:\/\/radioprimiciapelluhue.cl\/index.php?rest_route=\/wp\/v2\/posts\/5317\/revisions\/5319"}],"wp:featuredmedia":[{"embeddable":true,"href":"https:\/\/radioprimiciapelluhue.cl\/index.php?rest_route=\/wp\/v2\/media\/5318"}],"wp:attachment":[{"href":"https:\/\/radioprimiciapelluhue.cl\/index.php?rest_route=%2Fwp%2Fv2%2Fmedia&parent=5317"}],"wp:term":[{"taxonomy":"category","embeddable":true,"href":"https:\/\/radioprimiciapelluhue.cl\/index.php?rest_route=%2Fwp%2Fv2%2Fcategories&post=5317"},{"taxonomy":"post_tag","embeddable":true,"href":"https:\/\/radioprimiciapelluhue.cl\/index.php?rest_route=%2Fwp%2Fv2%2Ftags&post=5317"}],"curies":[{"name":"wp","href":"https:\/\/api.w.org\/{rel}","templated":true}]}}