{"id":5321,"date":"2023-05-13T23:18:21","date_gmt":"2023-05-14T03:18:21","guid":{"rendered":"http:\/\/radioprimiciapelluhue.cl\/?p=5321"},"modified":"2023-05-13T23:18:22","modified_gmt":"2023-05-14T03:18:22","slug":"gobierno-regional-entrega-camion-tolva-y-tractor-para-comuna-de-chanco","status":"publish","type":"post","link":"https:\/\/radioprimiciapelluhue.cl\/?p=5321","title":{"rendered":"<strong>Gobierno Regional entrega cami\u00f3n tolva y tractor para comuna de Chanco<\/strong>"},"content":{"rendered":"\n<ul class=\"wp-block-list\">\n<li><em>La Gobernadora Regional Cristina Bravo, indic\u00f3 que el tractor ir\u00e1 en directo beneficio de los pescadores de la caleta de Loanco.<\/em><\/li>\n<\/ul>\n\n\n\n<p>Hasta la Caleta de Loanco en la comuna de Chanco, se traslad\u00f3 la Gobernadora Regional Cristina Bravo, para realizar la entrega de un tractor y un cami\u00f3n tolva para la comunidad chanquina, veh\u00edculos financiados a trav\u00e9s del Gobierno Regional del Maule y que ser\u00e1n un gran apoyo para las labores diarias en el sector.<\/p>\n\n\n\n<p>La m\u00e1xima autoridad regional Bravo, indic\u00f3 que el tractor ir\u00e1 en directo beneficio de las labores de pesca del Sindicato de Pescadores Nueva Esperanza de Loanco y se entregan a trav\u00e9s de un convenio con Indespa y el cami\u00f3n tolva con el carro de arrastre,&nbsp; aportar\u00e1 al trabajo municipal de arreglo de caminos y signific\u00f3 una inversi\u00f3n de 180 millones de pesos.<\/p>\n\n\n\n<p>\u201cLos pescadores est\u00e1n muy contentos porque hoy d\u00eda estamos concretando su sue\u00f1o de un tractor para realizar sus labores, y con eso hemos reforzado el compromiso de trabajo con toda la pesca artesanal en la Regi\u00f3n del Maule, con los armadores, los tripulantes, los pecadores de orilla o actividades conexas y este tractor permitir\u00e1 que ellos puedan mejorar su forma de sacar sus botes del mar, queremos distribuir los recursos a todos los rubros productivos y es por eso que seguimos trabajando juntos nuestros pescadores artesanales\u201d, indic\u00f3 Cristina Bravo, Gobernadora Regional del Maule.<\/p>\n\n\n\n<p>Rigoberto Orellana, Presidente del Sindicato se\u00f1al\u00f3, \u201cesta es una inmensa ayuda para nosotros, y antes no hab\u00edan tractores y ahora gracias al Gobierno Regional hay tractores en todas las caletas y esto nos ayudar\u00e1 a sacar nuestros botes\u201d.<\/p>\n\n\n\n<p>En cuanto al cami\u00f3n tolva con carro, la Gobernadora Regional indic\u00f3 que esto ayudar\u00e1 en las faenas de arreglo de caminos, retiro de escombros y traslado de maquinaria municipal&nbsp; en la comuna de Chanco, \u201ctambi\u00e9n estamos cumpliendo el sue\u00f1o de un proyecto muy sentido por la comunidad, un cami\u00f3n tolva con carro, que permitir\u00e1 llegar a todos los sectores de Chanco, este cami\u00f3n ayudar\u00e1 a mejorar la calidad de vida de todos los vecinos, por eso seguiremos trabajando en conjunto por toda la regi\u00f3n del Maule, porque queremos avanzar y fomentar el desarrollo de todas nuestras comunas, sin importar la cantidad de habitantes que sean, siempre vamos a estar presentes trabajando en equipo y ayudando a los que m\u00e1s nos necesitan\u201d, agreg\u00f3 Cristina Bravo.<\/p>\n\n\n\n<p>En la ceremonia adem\u00e1s estuvieron presentes el Delegado Provincial Claudio Merino, los Consejeros Regionales Juan Andr\u00e9s Mu\u00f1oz y Daniel Bustos, Indespa y concejales de la comuna de Chanco. \u201cEstoy feliz por los pescadores, que trabajan en este rubro tan dif\u00edcil, pero adem\u00e1s estamos contentos por el cami\u00f3n tolva, que va a permitir trabajar y mejorar la implementaci\u00f3n que ten\u00eda el municipio en el tema de camiones, y era dif\u00edcil poder realizar los arreglos los caminos que estamos haciendo hoy d\u00eda, esto no va a facilitar todas las labores, vamos a poder llegar a sectores que no hayan podido hacer Justicia con su camino, nos va a permitir poder trasladar las otras maquinarias en esta cama baja, para hacer m\u00e1s y m\u00e1s eficiente las labores. Lo primero agradecer al Gobierno Regional, que tiene la mejor disposici\u00f3n para todas las comunas, sin importar si somos comunas chicas\u201d, concluy\u00f3 Marcelo Waddington, Alcalde de Chanco<\/p>\n\n\n\n<figure class=\"wp-block-gallery has-nested-images columns-default is-cropped wp-block-gallery-1 is-layout-flex wp-block-gallery-is-layout-flex\">\n<figure class=\"wp-block-image size-large\"><a href=\"http:\/\/radioprimiciapelluhue.cl\/wp-content\/uploads\/2023\/05\/CHANCO-02.jpeg\"><img loading=\"lazy\" decoding=\"async\" width=\"1024\" height=\"695\" data-id=\"5322\" src=\"http:\/\/radioprimiciapelluhue.cl\/wp-content\/uploads\/2023\/05\/CHANCO-02-1024x695.jpeg\" alt=\"\" class=\"wp-image-5322\" srcset=\"https:\/\/radioprimiciapelluhue.cl\/wp-content\/uploads\/2023\/05\/CHANCO-02-1024x695.jpeg 1024w, https:\/\/radioprimiciapelluhue.cl\/wp-content\/uploads\/2023\/05\/CHANCO-02-300x204.jpeg 300w, https:\/\/radioprimiciapelluhue.cl\/wp-content\/uploads\/2023\/05\/CHANCO-02-768x521.jpeg 768w, https:\/\/radioprimiciapelluhue.cl\/wp-content\/uploads\/2023\/05\/CHANCO-02-1536x1043.jpeg 1536w, https:\/\/radioprimiciapelluhue.cl\/wp-content\/uploads\/2023\/05\/CHANCO-02.jpeg 1600w\" sizes=\"auto, (max-width: 1024px) 100vw, 1024px\" \/><\/a><\/figure>\n\n\n\n<figure class=\"wp-block-image size-large\"><a href=\"http:\/\/radioprimiciapelluhue.cl\/wp-content\/uploads\/2023\/05\/CHANCO-03.jpeg\"><img loading=\"lazy\" decoding=\"async\" width=\"1024\" height=\"682\" data-id=\"5323\" src=\"http:\/\/radioprimiciapelluhue.cl\/wp-content\/uploads\/2023\/05\/CHANCO-03-1024x682.jpeg\" alt=\"\" class=\"wp-image-5323\" srcset=\"https:\/\/radioprimiciapelluhue.cl\/wp-content\/uploads\/2023\/05\/CHANCO-03-1024x682.jpeg 1024w, https:\/\/radioprimiciapelluhue.cl\/wp-content\/uploads\/2023\/05\/CHANCO-03-300x200.jpeg 300w, https:\/\/radioprimiciapelluhue.cl\/wp-content\/uploads\/2023\/05\/CHANCO-03-768x512.jpeg 768w, https:\/\/radioprimiciapelluhue.cl\/wp-content\/uploads\/2023\/05\/CHANCO-03-1536x1023.jpeg 1536w, https:\/\/radioprimiciapelluhue.cl\/wp-content\/uploads\/2023\/05\/CHANCO-03.jpeg 1600w\" sizes=\"auto, (max-width: 1024px) 100vw, 1024px\" \/><\/a><\/figure>\n<\/figure>\n","protected":false},"excerpt":{"rendered":"<p>Hasta la Caleta de Loanco en la comuna de Chanco, se traslad\u00f3 la Gobernadora Regional Cristina Bravo, para realizar la entrega de un tractor y un cami\u00f3n tolva para la comunidad chanquina, veh\u00edculos financiados a trav\u00e9s del Gobierno Regional del Maule y que ser\u00e1n un gran apoyo para las labores diarias en el sector. La [&hellip;]<\/p>\n","protected":false},"author":1,"featured_media":5324,"comment_status":"closed","ping_status":"closed","sticky":false,"template":"","format":"standard","meta":{"footnotes":""},"categories":[2],"tags":[],"class_list":["post-5321","post","type-post","status-publish","format-standard","has-post-thumbnail","hentry","category-noticias"],"_links":{"self":[{"href":"https:\/\/radioprimiciapelluhue.cl\/index.php?rest_route=\/wp\/v2\/posts\/5321","targetHints":{"allow":["GET"]}}],"collection":[{"href":"https:\/\/radioprimiciapelluhue.cl\/index.php?rest_route=\/wp\/v2\/posts"}],"about":[{"href":"https:\/\/radioprimiciapelluhue.cl\/index.php?rest_route=\/wp\/v2\/types\/post"}],"author":[{"embeddable":true,"href":"https:\/\/radioprimiciapelluhue.cl\/index.php?rest_route=\/wp\/v2\/users\/1"}],"replies":[{"embeddable":true,"href":"https:\/\/radioprimiciapelluhue.cl\/index.php?rest_route=%2Fwp%2Fv2%2Fcomments&post=5321"}],"version-history":[{"count":1,"href":"https:\/\/radioprimiciapelluhue.cl\/index.php?rest_route=\/wp\/v2\/posts\/5321\/revisions"}],"predecessor-version":[{"id":5325,"href":"https:\/\/radioprimiciapelluhue.cl\/index.php?rest_route=\/wp\/v2\/posts\/5321\/revisions\/5325"}],"wp:featuredmedia":[{"embeddable":true,"href":"https:\/\/radioprimiciapelluhue.cl\/index.php?rest_route=\/wp\/v2\/media\/5324"}],"wp:attachment":[{"href":"https:\/\/radioprimiciapelluhue.cl\/index.php?rest_route=%2Fwp%2Fv2%2Fmedia&parent=5321"}],"wp:term":[{"taxonomy":"category","embeddable":true,"href":"https:\/\/radioprimiciapelluhue.cl\/index.php?rest_route=%2Fwp%2Fv2%2Fcategories&post=5321"},{"taxonomy":"post_tag","embeddable":true,"href":"https:\/\/radioprimiciapelluhue.cl\/index.php?rest_route=%2Fwp%2Fv2%2Ftags&post=5321"}],"curies":[{"name":"wp","href":"https:\/\/api.w.org\/{rel}","templated":true}]}}