{"id":5333,"date":"2023-05-20T11:17:34","date_gmt":"2023-05-20T15:17:34","guid":{"rendered":"http:\/\/radioprimiciapelluhue.cl\/?p=5333"},"modified":"2023-05-20T11:17:35","modified_gmt":"2023-05-20T15:17:35","slug":"fosis-y-universidad-de-talca-establecen-trabajo-conjunto-para-contribuir-a-la-superacion-de-la-pobreza-en-el-maule","status":"publish","type":"post","link":"https:\/\/radioprimiciapelluhue.cl\/?p=5333","title":{"rendered":"<strong>FOSIS y Universidad de Talca establecen trabajo conjunto para contribuir a la superaci\u00f3n de la pobreza en el Maule<\/strong>"},"content":{"rendered":"\n<p>A fines de la temporada pasada, las 18 universidades estatales de nuestro pa\u00eds sellaron un importante acuerdo nacional de colaboraci\u00f3n con el Fondo de Solidaridad e Inversi\u00f3n Social, FOSIS, a objeto de establecer una agenda de trabajo conjunta y colaborativa para avanzar en la superaci\u00f3n de la pobreza en Chile, denominado Convenio FOSIS &#8211; CUECH (Consorcio de Universidades del Estado de Chile).<\/p>\n\n\n\n<p>A nivel regional y para acercar posiciones y trazar los primeros acuerdos, se reunieron en Talca el Director Regional del FOSIS, Patricio Uribe, acompa\u00f1ado por encargados y encargadas de distintas \u00e1reas y programas, junto a Karin Saavedra, Directora General de Vinculaci\u00f3n con el Medio de la Universidad de Talca, y profesionales de la casa de estudios.<\/p>\n\n\n\n<p>Al respecto, Patricio Uribe indic\u00f3 que \u201cen el marco del convenio suscrito entre el FOSIS y el Consorcio de Universidades del Estado de Chile (CUECH), la Universidad de Talca cumple un rol preponderante y, atendiendo esta l\u00ednea, nos hemos reunido con el Rector de la casa de estudios, y ahora con el equipo de la Direcci\u00f3n de Vinculaci\u00f3n con el Medio y con Responsabilidad Social Estudiantil. Con ambas instancias estamos levantando una mirada conjunta de iniciativas que nos van a permitir poder abordar diferentes tem\u00e1ticas de los programas que el FOSIS tiene en nuestra regi\u00f3n y con ello tener la posibilidad de llegar a los diferentes rincones del Maule, con la ayuda de la universidad, para construir en conjunto un mejor futuro\u201d.<\/p>\n\n\n\n<p>De esta manera, desde el FOSIS buscan seguir perfeccionando sus programas y optimizando el impacto que estos generan en el aumento de la calidad de vida y las oportunidades de maulinas y maulinos.<\/p>\n\n\n\n<p>Apoyado por la Direcci\u00f3n General de Vinculaci\u00f3n con el Medio de la Universidad de Talca, el FOSIS quiere aportar a un mayor desarrollo del capital social y laboral en nuestra regi\u00f3n, contribuyendo a estrechar las brechas existentes en materia de pobreza.<\/p>\n\n\n\n<figure class=\"wp-block-gallery has-nested-images columns-default is-cropped wp-block-gallery-1 is-layout-flex wp-block-gallery-is-layout-flex\">\n<figure class=\"wp-block-image size-large\"><a href=\"http:\/\/radioprimiciapelluhue.cl\/wp-content\/uploads\/2023\/05\/DSC_0362.jpg\"><img loading=\"lazy\" decoding=\"async\" width=\"1024\" height=\"768\" data-id=\"5335\" src=\"http:\/\/radioprimiciapelluhue.cl\/wp-content\/uploads\/2023\/05\/DSC_0362-1024x768.jpg\" alt=\"\" class=\"wp-image-5335\" srcset=\"https:\/\/radioprimiciapelluhue.cl\/wp-content\/uploads\/2023\/05\/DSC_0362-1024x768.jpg 1024w, https:\/\/radioprimiciapelluhue.cl\/wp-content\/uploads\/2023\/05\/DSC_0362-300x225.jpg 300w, https:\/\/radioprimiciapelluhue.cl\/wp-content\/uploads\/2023\/05\/DSC_0362-768x576.jpg 768w, https:\/\/radioprimiciapelluhue.cl\/wp-content\/uploads\/2023\/05\/DSC_0362-1536x1152.jpg 1536w, https:\/\/radioprimiciapelluhue.cl\/wp-content\/uploads\/2023\/05\/DSC_0362.jpg 2016w\" sizes=\"auto, (max-width: 1024px) 100vw, 1024px\" \/><\/a><\/figure>\n\n\n\n<figure class=\"wp-block-image size-large\"><a href=\"http:\/\/radioprimiciapelluhue.cl\/wp-content\/uploads\/2023\/05\/DSC_0365.jpg\"><img loading=\"lazy\" decoding=\"async\" width=\"1024\" height=\"768\" data-id=\"5334\" src=\"http:\/\/radioprimiciapelluhue.cl\/wp-content\/uploads\/2023\/05\/DSC_0365-1024x768.jpg\" alt=\"\" class=\"wp-image-5334\" srcset=\"https:\/\/radioprimiciapelluhue.cl\/wp-content\/uploads\/2023\/05\/DSC_0365-1024x768.jpg 1024w, https:\/\/radioprimiciapelluhue.cl\/wp-content\/uploads\/2023\/05\/DSC_0365-300x225.jpg 300w, https:\/\/radioprimiciapelluhue.cl\/wp-content\/uploads\/2023\/05\/DSC_0365-768x576.jpg 768w, https:\/\/radioprimiciapelluhue.cl\/wp-content\/uploads\/2023\/05\/DSC_0365-1536x1152.jpg 1536w, https:\/\/radioprimiciapelluhue.cl\/wp-content\/uploads\/2023\/05\/DSC_0365.jpg 2016w\" sizes=\"auto, (max-width: 1024px) 100vw, 1024px\" \/><\/a><\/figure>\n<\/figure>\n","protected":false},"excerpt":{"rendered":"<p>A fines de la temporada pasada, las 18 universidades estatales de nuestro pa\u00eds sellaron un importante acuerdo nacional de colaboraci\u00f3n con el Fondo de Solidaridad e Inversi\u00f3n Social, FOSIS, a objeto de establecer una agenda de trabajo conjunta y colaborativa para avanzar en la superaci\u00f3n de la pobreza en Chile, denominado Convenio FOSIS &#8211; CUECH [&hellip;]<\/p>\n","protected":false},"author":1,"featured_media":5169,"comment_status":"closed","ping_status":"closed","sticky":false,"template":"","format":"standard","meta":{"footnotes":""},"categories":[2],"tags":[],"class_list":["post-5333","post","type-post","status-publish","format-standard","has-post-thumbnail","hentry","category-noticias"],"_links":{"self":[{"href":"https:\/\/radioprimiciapelluhue.cl\/index.php?rest_route=\/wp\/v2\/posts\/5333","targetHints":{"allow":["GET"]}}],"collection":[{"href":"https:\/\/radioprimiciapelluhue.cl\/index.php?rest_route=\/wp\/v2\/posts"}],"about":[{"href":"https:\/\/radioprimiciapelluhue.cl\/index.php?rest_route=\/wp\/v2\/types\/post"}],"author":[{"embeddable":true,"href":"https:\/\/radioprimiciapelluhue.cl\/index.php?rest_route=\/wp\/v2\/users\/1"}],"replies":[{"embeddable":true,"href":"https:\/\/radioprimiciapelluhue.cl\/index.php?rest_route=%2Fwp%2Fv2%2Fcomments&post=5333"}],"version-history":[{"count":1,"href":"https:\/\/radioprimiciapelluhue.cl\/index.php?rest_route=\/wp\/v2\/posts\/5333\/revisions"}],"predecessor-version":[{"id":5336,"href":"https:\/\/radioprimiciapelluhue.cl\/index.php?rest_route=\/wp\/v2\/posts\/5333\/revisions\/5336"}],"wp:featuredmedia":[{"embeddable":true,"href":"https:\/\/radioprimiciapelluhue.cl\/index.php?rest_route=\/wp\/v2\/media\/5169"}],"wp:attachment":[{"href":"https:\/\/radioprimiciapelluhue.cl\/index.php?rest_route=%2Fwp%2Fv2%2Fmedia&parent=5333"}],"wp:term":[{"taxonomy":"category","embeddable":true,"href":"https:\/\/radioprimiciapelluhue.cl\/index.php?rest_route=%2Fwp%2Fv2%2Fcategories&post=5333"},{"taxonomy":"post_tag","embeddable":true,"href":"https:\/\/radioprimiciapelluhue.cl\/index.php?rest_route=%2Fwp%2Fv2%2Ftags&post=5333"}],"curies":[{"name":"wp","href":"https:\/\/api.w.org\/{rel}","templated":true}]}}