{"id":5342,"date":"2023-05-20T22:50:31","date_gmt":"2023-05-21T02:50:31","guid":{"rendered":"http:\/\/radioprimiciapelluhue.cl\/?p=5342"},"modified":"2023-05-20T22:50:31","modified_gmt":"2023-05-21T02:50:31","slug":"%f0%9d%90%84%f0%9d%90%92%f0%9d%90%8f%f0%9d%90%84%f0%9d%90%91%f0%9d%90%80%f0%9d%90%8c%f0%9d%90%8e%f0%9d%90%92-%f0%9d%90%8c%f0%9d%90%80%f0%9d%90%92-%f0%9d%90%83%f0%9d%90%84-%f0%9d%9f%90","status":"publish","type":"post","link":"https:\/\/radioprimiciapelluhue.cl\/?p=5342","title":{"rendered":"\ud835\udc04\ud835\udc12\ud835\udc0f\ud835\udc04\ud835\udc11\ud835\udc00\ud835\udc0c\ud835\udc0e\ud835\udc12 \ud835\udc0c\ud835\udc00\u0301\ud835\udc12 \ud835\udc03\ud835\udc04 \ud835\udfd0\ud835\udfce \ud835\udc00\u00d1\ud835\udc0e\ud835\udc12 \ud835\udc0f\ud835\udc00\ud835\udc11\ud835\udc00 \ud835\udc15\ud835\udc08\ud835\udc15\ud835\udc08\ud835\udc11 \ud835\udc04\ud835\udc12\ud835\udc13\ud835\udc04 \ud835\udc0c\ud835\udc0e\ud835\udc0c\ud835\udc04\ud835\udc0d\ud835\udc13\ud835\udc0e"},"content":{"rendered":"\n<p>Fuente Departamento de Prensa I. Municipalidad de chanco<\/p>\n\n\n\n<p>As\u00ed comenz\u00f3 el relato de Jaime Barrueto, dirigente social del sector de Molco, para vivenciar el sue\u00f1o que ten\u00edan los vecinos y que se traspasaba de generaci\u00f3n en generaci\u00f3n, tras a\u00f1os de espera y postergaci\u00f3n.<\/p>\n\n\n\n<p>\u00abGracias al esfuerzo y lucha de nuestra comunidad, a nuestro alcalde que estuvo junto a nosotros y presion\u00f3 como nunca antes visto, podemos decir que este sue\u00f1o es una realidad\u00bb, relat\u00f3.<\/p>\n\n\n\n<p><img loading=\"lazy\" decoding=\"async\" width=\"16\" height=\"16\" src=\"\" alt=\"\u2705\ufe0f\">Este viernes marc\u00f3 un hito en la historia del sector de Molco y la comuna de Chanco, con un proyecto de m\u00e1s de $5500 millones de pesos, que otorgar\u00e1 desarrollo, bienestar y progreso con los 30 km de mejoramiento definitivo en la ruta M500.<\/p>\n\n\n\n<p>Fue la propia Ministra de Obras P\u00fablicas, Jessica Lopez Saffie, quien en un hecho in\u00e9dito, se traslado hasta el sector, para.participar de la ceremonia.<\/p>\n\n\n\n<ul class=\"wp-block-list\">\n<li>Estamos felices por nuestros vecinos de Molco, Huichahue y de todos los sectores que se ver\u00e1n beneficiados con este mega proyecto. Reflejo de que trabajando unidos, con dialogo y compromiso inquebrantable de las autoridades, se avanza por un Chanco mejor.<\/li>\n\n\n\n<li>Como Radio Primicia de Pelluhue estaremos recorriendo la ruta 1 vez al mes para mostrar el trabajo y los avances<\/li>\n<\/ul>\n\n\n\n<figure class=\"wp-block-gallery has-nested-images columns-default is-cropped wp-block-gallery-1 is-layout-flex wp-block-gallery-is-layout-flex\">\n<figure class=\"wp-block-image size-large\"><a href=\"http:\/\/radioprimiciapelluhue.cl\/wp-content\/uploads\/2023\/05\/348453090_157564637112107_4006084619095691749_n.jpg\"><img loading=\"lazy\" decoding=\"async\" width=\"1024\" height=\"576\" data-id=\"5343\" src=\"http:\/\/radioprimiciapelluhue.cl\/wp-content\/uploads\/2023\/05\/348453090_157564637112107_4006084619095691749_n-1024x576.jpg\" alt=\"\" class=\"wp-image-5343\" srcset=\"https:\/\/radioprimiciapelluhue.cl\/wp-content\/uploads\/2023\/05\/348453090_157564637112107_4006084619095691749_n-1024x576.jpg 1024w, https:\/\/radioprimiciapelluhue.cl\/wp-content\/uploads\/2023\/05\/348453090_157564637112107_4006084619095691749_n-300x169.jpg 300w, https:\/\/radioprimiciapelluhue.cl\/wp-content\/uploads\/2023\/05\/348453090_157564637112107_4006084619095691749_n-768x432.jpg 768w, https:\/\/radioprimiciapelluhue.cl\/wp-content\/uploads\/2023\/05\/348453090_157564637112107_4006084619095691749_n-727x409.jpg 727w, https:\/\/radioprimiciapelluhue.cl\/wp-content\/uploads\/2023\/05\/348453090_157564637112107_4006084619095691749_n-1110x624.jpg 1110w, https:\/\/radioprimiciapelluhue.cl\/wp-content\/uploads\/2023\/05\/348453090_157564637112107_4006084619095691749_n-720x406.jpg 720w, https:\/\/radioprimiciapelluhue.cl\/wp-content\/uploads\/2023\/05\/348453090_157564637112107_4006084619095691749_n-750x422.jpg 750w, https:\/\/radioprimiciapelluhue.cl\/wp-content\/uploads\/2023\/05\/348453090_157564637112107_4006084619095691749_n.jpg 1280w\" sizes=\"auto, (max-width: 1024px) 100vw, 1024px\" \/><\/a><\/figure>\n\n\n\n<figure class=\"wp-block-image size-large\"><a href=\"http:\/\/radioprimiciapelluhue.cl\/wp-content\/uploads\/2023\/05\/348556546_1973703486325048_2708767774954278473_n.jpg\"><img loading=\"lazy\" decoding=\"async\" width=\"1024\" height=\"576\" data-id=\"5344\" src=\"http:\/\/radioprimiciapelluhue.cl\/wp-content\/uploads\/2023\/05\/348556546_1973703486325048_2708767774954278473_n-1024x576.jpg\" alt=\"\" class=\"wp-image-5344\" srcset=\"https:\/\/radioprimiciapelluhue.cl\/wp-content\/uploads\/2023\/05\/348556546_1973703486325048_2708767774954278473_n-1024x576.jpg 1024w, https:\/\/radioprimiciapelluhue.cl\/wp-content\/uploads\/2023\/05\/348556546_1973703486325048_2708767774954278473_n-300x169.jpg 300w, https:\/\/radioprimiciapelluhue.cl\/wp-content\/uploads\/2023\/05\/348556546_1973703486325048_2708767774954278473_n-768x432.jpg 768w, https:\/\/radioprimiciapelluhue.cl\/wp-content\/uploads\/2023\/05\/348556546_1973703486325048_2708767774954278473_n-727x409.jpg 727w, https:\/\/radioprimiciapelluhue.cl\/wp-content\/uploads\/2023\/05\/348556546_1973703486325048_2708767774954278473_n-1110x624.jpg 1110w, https:\/\/radioprimiciapelluhue.cl\/wp-content\/uploads\/2023\/05\/348556546_1973703486325048_2708767774954278473_n-720x406.jpg 720w, https:\/\/radioprimiciapelluhue.cl\/wp-content\/uploads\/2023\/05\/348556546_1973703486325048_2708767774954278473_n-750x422.jpg 750w, https:\/\/radioprimiciapelluhue.cl\/wp-content\/uploads\/2023\/05\/348556546_1973703486325048_2708767774954278473_n.jpg 1280w\" sizes=\"auto, (max-width: 1024px) 100vw, 1024px\" \/><\/a><\/figure>\n\n\n\n<figure class=\"wp-block-image size-large\"><a href=\"http:\/\/radioprimiciapelluhue.cl\/wp-content\/uploads\/2023\/05\/348246431_1409278022945588_5298529682641159486_n.jpg\"><img loading=\"lazy\" decoding=\"async\" width=\"1024\" height=\"682\" data-id=\"5345\" src=\"http:\/\/radioprimiciapelluhue.cl\/wp-content\/uploads\/2023\/05\/348246431_1409278022945588_5298529682641159486_n-1024x682.jpg\" alt=\"\" class=\"wp-image-5345\" srcset=\"https:\/\/radioprimiciapelluhue.cl\/wp-content\/uploads\/2023\/05\/348246431_1409278022945588_5298529682641159486_n-1024x682.jpg 1024w, https:\/\/radioprimiciapelluhue.cl\/wp-content\/uploads\/2023\/05\/348246431_1409278022945588_5298529682641159486_n-300x200.jpg 300w, https:\/\/radioprimiciapelluhue.cl\/wp-content\/uploads\/2023\/05\/348246431_1409278022945588_5298529682641159486_n-768x512.jpg 768w, https:\/\/radioprimiciapelluhue.cl\/wp-content\/uploads\/2023\/05\/348246431_1409278022945588_5298529682641159486_n-1536x1023.jpg 1536w, https:\/\/radioprimiciapelluhue.cl\/wp-content\/uploads\/2023\/05\/348246431_1409278022945588_5298529682641159486_n.jpg 1600w\" sizes=\"auto, (max-width: 1024px) 100vw, 1024px\" \/><\/a><\/figure>\n<\/figure>\n","protected":false},"excerpt":{"rendered":"<p>Fuente Departamento de Prensa I. Municipalidad de chanco As\u00ed comenz\u00f3 el relato de Jaime Barrueto, dirigente social del sector de Molco, para vivenciar el sue\u00f1o que ten\u00edan los vecinos y que se traspasaba de generaci\u00f3n en generaci\u00f3n, tras a\u00f1os de espera y postergaci\u00f3n. \u00abGracias al esfuerzo y lucha de nuestra comunidad, a nuestro alcalde que [&hellip;]<\/p>\n","protected":false},"author":1,"featured_media":5346,"comment_status":"closed","ping_status":"closed","sticky":false,"template":"","format":"standard","meta":{"footnotes":""},"categories":[2],"tags":[],"class_list":["post-5342","post","type-post","status-publish","format-standard","has-post-thumbnail","hentry","category-noticias"],"_links":{"self":[{"href":"https:\/\/radioprimiciapelluhue.cl\/index.php?rest_route=\/wp\/v2\/posts\/5342","targetHints":{"allow":["GET"]}}],"collection":[{"href":"https:\/\/radioprimiciapelluhue.cl\/index.php?rest_route=\/wp\/v2\/posts"}],"about":[{"href":"https:\/\/radioprimiciapelluhue.cl\/index.php?rest_route=\/wp\/v2\/types\/post"}],"author":[{"embeddable":true,"href":"https:\/\/radioprimiciapelluhue.cl\/index.php?rest_route=\/wp\/v2\/users\/1"}],"replies":[{"embeddable":true,"href":"https:\/\/radioprimiciapelluhue.cl\/index.php?rest_route=%2Fwp%2Fv2%2Fcomments&post=5342"}],"version-history":[{"count":1,"href":"https:\/\/radioprimiciapelluhue.cl\/index.php?rest_route=\/wp\/v2\/posts\/5342\/revisions"}],"predecessor-version":[{"id":5347,"href":"https:\/\/radioprimiciapelluhue.cl\/index.php?rest_route=\/wp\/v2\/posts\/5342\/revisions\/5347"}],"wp:featuredmedia":[{"embeddable":true,"href":"https:\/\/radioprimiciapelluhue.cl\/index.php?rest_route=\/wp\/v2\/media\/5346"}],"wp:attachment":[{"href":"https:\/\/radioprimiciapelluhue.cl\/index.php?rest_route=%2Fwp%2Fv2%2Fmedia&parent=5342"}],"wp:term":[{"taxonomy":"category","embeddable":true,"href":"https:\/\/radioprimiciapelluhue.cl\/index.php?rest_route=%2Fwp%2Fv2%2Fcategories&post=5342"},{"taxonomy":"post_tag","embeddable":true,"href":"https:\/\/radioprimiciapelluhue.cl\/index.php?rest_route=%2Fwp%2Fv2%2Ftags&post=5342"}],"curies":[{"name":"wp","href":"https:\/\/api.w.org\/{rel}","templated":true}]}}