{"id":5352,"date":"2023-06-04T17:19:30","date_gmt":"2023-06-04T21:19:30","guid":{"rendered":"http:\/\/radioprimiciapelluhue.cl\/?p=5352"},"modified":"2023-06-04T17:26:11","modified_gmt":"2023-06-04T21:26:11","slug":"comunicado-servicio-electoral","status":"publish","type":"post","link":"https:\/\/radioprimiciapelluhue.cl\/?p=5352","title":{"rendered":"COMUNICADO SERVICIO ELECTORAL"},"content":{"rendered":"\n<p>En relaci\u00f3n con el proceso de Plebiscito Constitucional previsto para el domingo 17 de diciembre de 2023 y&nbsp; lo dispuesto en el art. 29 de la ley N\u00b0 18.556, Org\u00e1nica Constitucional sobre sistema de inscripciones electorales y Servicio electoral, a&nbsp;<strong>partir del jueves 01 de junio<\/strong>,&nbsp;<strong>se reanuda el proceso de actualizaciones y modificaciones al registro electoral, desde esta fecha y hasta el pr\u00f3ximo s\u00e1bado 29 de julio se podr\u00e1n solicitar tramites electorales<\/strong>&nbsp;como son el cambio de domicilio electoral y la solicitud de inscripci\u00f3n al registro.<\/p>\n\n\n\n<figure class=\"wp-block-embed is-type-wp-embed is-provider-servicio-electoral-de-chile wp-block-embed-servicio-electoral-de-chile\"><div class=\"wp-block-embed__wrapper\">\n<blockquote class=\"wp-embedded-content\" data-secret=\"Xmo4nQ0zZu\"><a href=\"https:\/\/www.servel.cl\/\">Home<\/a><\/blockquote><iframe loading=\"lazy\" class=\"wp-embedded-content\" sandbox=\"allow-scripts\" security=\"restricted\" style=\"position: absolute; clip: rect(1px, 1px, 1px, 1px);\" title=\"&#8220;Home&#8221; &#8212; Servicio Electoral de Chile\" src=\"https:\/\/www.servel.cl\/embed\/#?secret=eAY3DWLJQS#?secret=Xmo4nQ0zZu\" data-secret=\"Xmo4nQ0zZu\" width=\"600\" height=\"338\" frameborder=\"0\" marginwidth=\"0\" marginheight=\"0\" scrolling=\"no\"><\/iframe>\n<\/div><\/figure>\n\n\n\n<figure class=\"wp-block-gallery has-nested-images columns-default is-cropped wp-block-gallery-1 is-layout-flex wp-block-gallery-is-layout-flex\">\n<figure class=\"wp-block-image size-large\"><a href=\"http:\/\/radioprimiciapelluhue.cl\/wp-content\/uploads\/2023\/06\/Imagen-de-WhatsApp-2023-06-04-a-las-16.44.35.jpg\"><img loading=\"lazy\" decoding=\"async\" width=\"1024\" height=\"575\" data-id=\"5353\" src=\"http:\/\/radioprimiciapelluhue.cl\/wp-content\/uploads\/2023\/06\/Imagen-de-WhatsApp-2023-06-04-a-las-16.44.35-1024x575.jpg\" alt=\"\" class=\"wp-image-5353\" srcset=\"https:\/\/radioprimiciapelluhue.cl\/wp-content\/uploads\/2023\/06\/Imagen-de-WhatsApp-2023-06-04-a-las-16.44.35-1024x575.jpg 1024w, https:\/\/radioprimiciapelluhue.cl\/wp-content\/uploads\/2023\/06\/Imagen-de-WhatsApp-2023-06-04-a-las-16.44.35-300x169.jpg 300w, https:\/\/radioprimiciapelluhue.cl\/wp-content\/uploads\/2023\/06\/Imagen-de-WhatsApp-2023-06-04-a-las-16.44.35-768x431.jpg 768w, https:\/\/radioprimiciapelluhue.cl\/wp-content\/uploads\/2023\/06\/Imagen-de-WhatsApp-2023-06-04-a-las-16.44.35-727x409.jpg 727w, https:\/\/radioprimiciapelluhue.cl\/wp-content\/uploads\/2023\/06\/Imagen-de-WhatsApp-2023-06-04-a-las-16.44.35-1110x624.jpg 1110w, https:\/\/radioprimiciapelluhue.cl\/wp-content\/uploads\/2023\/06\/Imagen-de-WhatsApp-2023-06-04-a-las-16.44.35-750x422.jpg 750w, https:\/\/radioprimiciapelluhue.cl\/wp-content\/uploads\/2023\/06\/Imagen-de-WhatsApp-2023-06-04-a-las-16.44.35.jpg 1280w\" sizes=\"auto, (max-width: 1024px) 100vw, 1024px\" \/><\/a><\/figure>\n<\/figure>\n","protected":false},"excerpt":{"rendered":"<p>En relaci\u00f3n con el proceso de Plebiscito Constitucional previsto para el domingo 17 de diciembre de 2023 y&nbsp; lo dispuesto en el art. 29 de la ley N\u00b0 18.556, Org\u00e1nica Constitucional sobre sistema de inscripciones electorales y Servicio electoral, a&nbsp;partir del jueves 01 de junio,&nbsp;se reanuda el proceso de actualizaciones y modificaciones al registro electoral, [&hellip;]<\/p>\n","protected":false},"author":1,"featured_media":5353,"comment_status":"closed","ping_status":"closed","sticky":false,"template":"","format":"standard","meta":{"footnotes":""},"categories":[61],"tags":[],"class_list":["post-5352","post","type-post","status-publish","format-standard","has-post-thumbnail","hentry","category-informativo"],"_links":{"self":[{"href":"https:\/\/radioprimiciapelluhue.cl\/index.php?rest_route=\/wp\/v2\/posts\/5352","targetHints":{"allow":["GET"]}}],"collection":[{"href":"https:\/\/radioprimiciapelluhue.cl\/index.php?rest_route=\/wp\/v2\/posts"}],"about":[{"href":"https:\/\/radioprimiciapelluhue.cl\/index.php?rest_route=\/wp\/v2\/types\/post"}],"author":[{"embeddable":true,"href":"https:\/\/radioprimiciapelluhue.cl\/index.php?rest_route=\/wp\/v2\/users\/1"}],"replies":[{"embeddable":true,"href":"https:\/\/radioprimiciapelluhue.cl\/index.php?rest_route=%2Fwp%2Fv2%2Fcomments&post=5352"}],"version-history":[{"count":3,"href":"https:\/\/radioprimiciapelluhue.cl\/index.php?rest_route=\/wp\/v2\/posts\/5352\/revisions"}],"predecessor-version":[{"id":5357,"href":"https:\/\/radioprimiciapelluhue.cl\/index.php?rest_route=\/wp\/v2\/posts\/5352\/revisions\/5357"}],"wp:featuredmedia":[{"embeddable":true,"href":"https:\/\/radioprimiciapelluhue.cl\/index.php?rest_route=\/wp\/v2\/media\/5353"}],"wp:attachment":[{"href":"https:\/\/radioprimiciapelluhue.cl\/index.php?rest_route=%2Fwp%2Fv2%2Fmedia&parent=5352"}],"wp:term":[{"taxonomy":"category","embeddable":true,"href":"https:\/\/radioprimiciapelluhue.cl\/index.php?rest_route=%2Fwp%2Fv2%2Fcategories&post=5352"},{"taxonomy":"post_tag","embeddable":true,"href":"https:\/\/radioprimiciapelluhue.cl\/index.php?rest_route=%2Fwp%2Fv2%2Ftags&post=5352"}],"curies":[{"name":"wp","href":"https:\/\/api.w.org\/{rel}","templated":true}]}}