{"id":5358,"date":"2023-06-04T17:30:31","date_gmt":"2023-06-04T21:30:31","guid":{"rendered":"http:\/\/radioprimiciapelluhue.cl\/?p=5358"},"modified":"2023-06-04T17:30:32","modified_gmt":"2023-06-04T21:30:32","slug":"gobernadora-regional-homenajeo-el-trabajo-en-los-incendios-forestales-en-el-maule","status":"publish","type":"post","link":"https:\/\/radioprimiciapelluhue.cl\/?p=5358","title":{"rendered":"Gobernadora Regional homenaje\u00f3 el trabajo en los incendios forestales en el Maule"},"content":{"rendered":"\n<ul class=\"wp-block-list\">\n<li><em>La m\u00e1xima autoridad regional Cristina Bravo, realiz\u00f3 esta premiaci\u00f3n en el marco de su cuenta p\u00fablica 2022.<\/em><\/li>\n<\/ul>\n\n\n\n<p>En el marco de la Cuenta P\u00fablica del Gobierno Regional del Maule a\u00f1o 2022, se realiz\u00f3 el reconocimiento, quienes se han destacado en el combate contra los incendios forestales durante este verano 2023.<\/p>\n\n\n\n<p>Es por esto que la Gobernadora Regional del Maule Cristina Bravo, destac\u00f3 a los brigadistas de CONAF de Maqui Pencahue, Maqui Romeral, Maqui Talca, Maqui Longav\u00ed, Maqui de Cauquenes, Maqui Constituci\u00f3n y Maqui de Huala\u00f1\u00e9.<\/p>\n\n\n\n<p>Tambi\u00e9n se homenaje\u00f3 el trabajo de Carabineros a trav\u00e9s del Grupo de Operaciones Policiales Especiales (GOPE), a la Secci\u00f3n de Investigaci\u00f3n de Accidentes de Transito SIAT Maule y el Ret\u00e9n La Puerta de la 3era Comisar\u00eda de Teno.<\/p>\n\n\n\n<p>Adem\u00e1s para destacar el trabajo de los Bomberos del Maule, se conmemor\u00f3 a las Superintendentas de los Cuerpos de Bomberos de Teno Nancy G\u00f3mez, Llico Evelyn Bravo, Curepto Mariela Rojas y Cumpeo a mar\u00eda Alejandra Vergara.<\/p>\n\n\n\n<figure class=\"wp-block-gallery has-nested-images columns-default is-cropped wp-block-gallery-1 is-layout-flex wp-block-gallery-is-layout-flex\">\n<figure class=\"wp-block-image size-large\"><a href=\"http:\/\/radioprimiciapelluhue.cl\/wp-content\/uploads\/2023\/06\/DSC02059.jpg\"><img loading=\"lazy\" decoding=\"async\" width=\"1024\" height=\"576\" data-id=\"5359\" src=\"http:\/\/radioprimiciapelluhue.cl\/wp-content\/uploads\/2023\/06\/DSC02059-1024x576.jpg\" alt=\"\" class=\"wp-image-5359\" srcset=\"https:\/\/radioprimiciapelluhue.cl\/wp-content\/uploads\/2023\/06\/DSC02059-1024x576.jpg 1024w, https:\/\/radioprimiciapelluhue.cl\/wp-content\/uploads\/2023\/06\/DSC02059-300x169.jpg 300w, https:\/\/radioprimiciapelluhue.cl\/wp-content\/uploads\/2023\/06\/DSC02059-768x432.jpg 768w, https:\/\/radioprimiciapelluhue.cl\/wp-content\/uploads\/2023\/06\/DSC02059-1536x864.jpg 1536w, https:\/\/radioprimiciapelluhue.cl\/wp-content\/uploads\/2023\/06\/DSC02059-727x409.jpg 727w, https:\/\/radioprimiciapelluhue.cl\/wp-content\/uploads\/2023\/06\/DSC02059-1110x624.jpg 1110w, https:\/\/radioprimiciapelluhue.cl\/wp-content\/uploads\/2023\/06\/DSC02059-720x406.jpg 720w, https:\/\/radioprimiciapelluhue.cl\/wp-content\/uploads\/2023\/06\/DSC02059-750x422.jpg 750w, https:\/\/radioprimiciapelluhue.cl\/wp-content\/uploads\/2023\/06\/DSC02059.jpg 2000w\" sizes=\"auto, (max-width: 1024px) 100vw, 1024px\" \/><\/a><\/figure>\n\n\n\n<figure class=\"wp-block-image size-large\"><a href=\"http:\/\/radioprimiciapelluhue.cl\/wp-content\/uploads\/2023\/06\/DSC02062.jpg\"><img loading=\"lazy\" decoding=\"async\" width=\"1024\" height=\"576\" data-id=\"5361\" src=\"http:\/\/radioprimiciapelluhue.cl\/wp-content\/uploads\/2023\/06\/DSC02062-1024x576.jpg\" alt=\"\" class=\"wp-image-5361\" srcset=\"https:\/\/radioprimiciapelluhue.cl\/wp-content\/uploads\/2023\/06\/DSC02062-1024x576.jpg 1024w, https:\/\/radioprimiciapelluhue.cl\/wp-content\/uploads\/2023\/06\/DSC02062-300x169.jpg 300w, https:\/\/radioprimiciapelluhue.cl\/wp-content\/uploads\/2023\/06\/DSC02062-768x432.jpg 768w, https:\/\/radioprimiciapelluhue.cl\/wp-content\/uploads\/2023\/06\/DSC02062-1536x864.jpg 1536w, https:\/\/radioprimiciapelluhue.cl\/wp-content\/uploads\/2023\/06\/DSC02062-727x409.jpg 727w, https:\/\/radioprimiciapelluhue.cl\/wp-content\/uploads\/2023\/06\/DSC02062-1110x624.jpg 1110w, https:\/\/radioprimiciapelluhue.cl\/wp-content\/uploads\/2023\/06\/DSC02062-720x406.jpg 720w, https:\/\/radioprimiciapelluhue.cl\/wp-content\/uploads\/2023\/06\/DSC02062-750x422.jpg 750w, https:\/\/radioprimiciapelluhue.cl\/wp-content\/uploads\/2023\/06\/DSC02062.jpg 2000w\" sizes=\"auto, (max-width: 1024px) 100vw, 1024px\" \/><\/a><\/figure>\n\n\n\n<figure class=\"wp-block-image size-large\"><a href=\"http:\/\/radioprimiciapelluhue.cl\/wp-content\/uploads\/2023\/06\/DSC02063.jpg\"><img loading=\"lazy\" decoding=\"async\" width=\"1024\" height=\"576\" data-id=\"5360\" src=\"http:\/\/radioprimiciapelluhue.cl\/wp-content\/uploads\/2023\/06\/DSC02063-1024x576.jpg\" alt=\"\" class=\"wp-image-5360\" srcset=\"https:\/\/radioprimiciapelluhue.cl\/wp-content\/uploads\/2023\/06\/DSC02063-1024x576.jpg 1024w, https:\/\/radioprimiciapelluhue.cl\/wp-content\/uploads\/2023\/06\/DSC02063-300x169.jpg 300w, https:\/\/radioprimiciapelluhue.cl\/wp-content\/uploads\/2023\/06\/DSC02063-768x432.jpg 768w, https:\/\/radioprimiciapelluhue.cl\/wp-content\/uploads\/2023\/06\/DSC02063-1536x864.jpg 1536w, https:\/\/radioprimiciapelluhue.cl\/wp-content\/uploads\/2023\/06\/DSC02063-727x409.jpg 727w, https:\/\/radioprimiciapelluhue.cl\/wp-content\/uploads\/2023\/06\/DSC02063-1110x624.jpg 1110w, https:\/\/radioprimiciapelluhue.cl\/wp-content\/uploads\/2023\/06\/DSC02063-720x406.jpg 720w, https:\/\/radioprimiciapelluhue.cl\/wp-content\/uploads\/2023\/06\/DSC02063-750x422.jpg 750w, https:\/\/radioprimiciapelluhue.cl\/wp-content\/uploads\/2023\/06\/DSC02063.jpg 2000w\" sizes=\"auto, (max-width: 1024px) 100vw, 1024px\" \/><\/a><\/figure>\n<\/figure>\n","protected":false},"excerpt":{"rendered":"<p>En el marco de la Cuenta P\u00fablica del Gobierno Regional del Maule a\u00f1o 2022, se realiz\u00f3 el reconocimiento, quienes se han destacado en el combate contra los incendios forestales durante este verano 2023. Es por esto que la Gobernadora Regional del Maule Cristina Bravo, destac\u00f3 a los brigadistas de CONAF de Maqui Pencahue, Maqui Romeral, [&hellip;]<\/p>\n","protected":false},"author":1,"featured_media":5362,"comment_status":"closed","ping_status":"closed","sticky":false,"template":"","format":"standard","meta":{"footnotes":""},"categories":[2],"tags":[],"class_list":["post-5358","post","type-post","status-publish","format-standard","has-post-thumbnail","hentry","category-noticias"],"_links":{"self":[{"href":"https:\/\/radioprimiciapelluhue.cl\/index.php?rest_route=\/wp\/v2\/posts\/5358","targetHints":{"allow":["GET"]}}],"collection":[{"href":"https:\/\/radioprimiciapelluhue.cl\/index.php?rest_route=\/wp\/v2\/posts"}],"about":[{"href":"https:\/\/radioprimiciapelluhue.cl\/index.php?rest_route=\/wp\/v2\/types\/post"}],"author":[{"embeddable":true,"href":"https:\/\/radioprimiciapelluhue.cl\/index.php?rest_route=\/wp\/v2\/users\/1"}],"replies":[{"embeddable":true,"href":"https:\/\/radioprimiciapelluhue.cl\/index.php?rest_route=%2Fwp%2Fv2%2Fcomments&post=5358"}],"version-history":[{"count":1,"href":"https:\/\/radioprimiciapelluhue.cl\/index.php?rest_route=\/wp\/v2\/posts\/5358\/revisions"}],"predecessor-version":[{"id":5363,"href":"https:\/\/radioprimiciapelluhue.cl\/index.php?rest_route=\/wp\/v2\/posts\/5358\/revisions\/5363"}],"wp:featuredmedia":[{"embeddable":true,"href":"https:\/\/radioprimiciapelluhue.cl\/index.php?rest_route=\/wp\/v2\/media\/5362"}],"wp:attachment":[{"href":"https:\/\/radioprimiciapelluhue.cl\/index.php?rest_route=%2Fwp%2Fv2%2Fmedia&parent=5358"}],"wp:term":[{"taxonomy":"category","embeddable":true,"href":"https:\/\/radioprimiciapelluhue.cl\/index.php?rest_route=%2Fwp%2Fv2%2Fcategories&post=5358"},{"taxonomy":"post_tag","embeddable":true,"href":"https:\/\/radioprimiciapelluhue.cl\/index.php?rest_route=%2Fwp%2Fv2%2Ftags&post=5358"}],"curies":[{"name":"wp","href":"https:\/\/api.w.org\/{rel}","templated":true}]}}