{"id":5381,"date":"2023-06-08T16:10:15","date_gmt":"2023-06-08T20:10:15","guid":{"rendered":"http:\/\/radioprimiciapelluhue.cl\/?p=5381"},"modified":"2023-06-08T16:12:30","modified_gmt":"2023-06-08T20:12:30","slug":"temporal-en-la-costa-pelluhuana","status":"publish","type":"post","link":"https:\/\/radioprimiciapelluhue.cl\/?p=5381","title":{"rendered":"TEMPORAL EN LA COSTA PELLUHUANA"},"content":{"rendered":"\n<p>Fuertes r\u00e1fagas de viento sobre los 70 KM\/H y lluvia cae sobre el Balneario de la Provincia de Cauquenes afectando letreros y \u00e1rboles que caen producto de la fuerza del viento, se esperan en total m\u00e1s de 30 mil\u00edmetros de agua que caigan en la zona durante este jueves 08 de junio y parte del viernes 09 de junio, adem\u00e1s se nos vienen marejadas para este fin de semana con olas de m\u00e1s de 4 metros.<\/p>\n\n\n\n<p>Cabe mencionar que est\u00e1n en alerta el equipo de emergencia Municipal para cualquier situaci\u00f3n que se necesiten.<\/p>\n\n\n\n<figure class=\"wp-block-gallery has-nested-images columns-default is-cropped wp-block-gallery-1 is-layout-flex wp-block-gallery-is-layout-flex\">\n<figure class=\"wp-block-image size-large\"><a href=\"http:\/\/radioprimiciapelluhue.cl\/wp-content\/uploads\/2023\/06\/Imagen-de-WhatsApp-2023-06-08-a-las-12.28.54.jpg\"><img loading=\"lazy\" decoding=\"async\" width=\"509\" height=\"540\" data-id=\"5382\" src=\"http:\/\/radioprimiciapelluhue.cl\/wp-content\/uploads\/2023\/06\/Imagen-de-WhatsApp-2023-06-08-a-las-12.28.54.jpg\" alt=\"\" class=\"wp-image-5382\" srcset=\"https:\/\/radioprimiciapelluhue.cl\/wp-content\/uploads\/2023\/06\/Imagen-de-WhatsApp-2023-06-08-a-las-12.28.54.jpg 509w, https:\/\/radioprimiciapelluhue.cl\/wp-content\/uploads\/2023\/06\/Imagen-de-WhatsApp-2023-06-08-a-las-12.28.54-283x300.jpg 283w\" sizes=\"auto, (max-width: 509px) 100vw, 509px\" \/><\/a><\/figure>\n\n\n\n<figure class=\"wp-block-image size-large\"><a href=\"http:\/\/radioprimiciapelluhue.cl\/wp-content\/uploads\/2023\/06\/Imagen-de-WhatsApp-2023-06-08-a-las-15.35.25.jpg\"><img loading=\"lazy\" decoding=\"async\" width=\"576\" height=\"1024\" data-id=\"5383\" src=\"http:\/\/radioprimiciapelluhue.cl\/wp-content\/uploads\/2023\/06\/Imagen-de-WhatsApp-2023-06-08-a-las-15.35.25-576x1024.jpg\" alt=\"\" class=\"wp-image-5383\" srcset=\"https:\/\/radioprimiciapelluhue.cl\/wp-content\/uploads\/2023\/06\/Imagen-de-WhatsApp-2023-06-08-a-las-15.35.25-576x1024.jpg 576w, https:\/\/radioprimiciapelluhue.cl\/wp-content\/uploads\/2023\/06\/Imagen-de-WhatsApp-2023-06-08-a-las-15.35.25-169x300.jpg 169w, https:\/\/radioprimiciapelluhue.cl\/wp-content\/uploads\/2023\/06\/Imagen-de-WhatsApp-2023-06-08-a-las-15.35.25-768x1366.jpg 768w, https:\/\/radioprimiciapelluhue.cl\/wp-content\/uploads\/2023\/06\/Imagen-de-WhatsApp-2023-06-08-a-las-15.35.25-864x1536.jpg 864w, https:\/\/radioprimiciapelluhue.cl\/wp-content\/uploads\/2023\/06\/Imagen-de-WhatsApp-2023-06-08-a-las-15.35.25.jpg 899w\" sizes=\"auto, (max-width: 576px) 100vw, 576px\" \/><\/a><\/figure>\n\n\n\n<figure class=\"wp-block-image size-large\"><a href=\"http:\/\/radioprimiciapelluhue.cl\/wp-content\/uploads\/2023\/06\/Imagen-de-WhatsApp-2023-06-08-a-las-15.56.00.jpg\"><img loading=\"lazy\" decoding=\"async\" width=\"1024\" height=\"575\" data-id=\"5385\" src=\"http:\/\/radioprimiciapelluhue.cl\/wp-content\/uploads\/2023\/06\/Imagen-de-WhatsApp-2023-06-08-a-las-15.56.00-1024x575.jpg\" alt=\"\" class=\"wp-image-5385\" srcset=\"https:\/\/radioprimiciapelluhue.cl\/wp-content\/uploads\/2023\/06\/Imagen-de-WhatsApp-2023-06-08-a-las-15.56.00-1024x575.jpg 1024w, https:\/\/radioprimiciapelluhue.cl\/wp-content\/uploads\/2023\/06\/Imagen-de-WhatsApp-2023-06-08-a-las-15.56.00-300x169.jpg 300w, https:\/\/radioprimiciapelluhue.cl\/wp-content\/uploads\/2023\/06\/Imagen-de-WhatsApp-2023-06-08-a-las-15.56.00-768x431.jpg 768w, https:\/\/radioprimiciapelluhue.cl\/wp-content\/uploads\/2023\/06\/Imagen-de-WhatsApp-2023-06-08-a-las-15.56.00-727x409.jpg 727w, https:\/\/radioprimiciapelluhue.cl\/wp-content\/uploads\/2023\/06\/Imagen-de-WhatsApp-2023-06-08-a-las-15.56.00-1110x624.jpg 1110w, https:\/\/radioprimiciapelluhue.cl\/wp-content\/uploads\/2023\/06\/Imagen-de-WhatsApp-2023-06-08-a-las-15.56.00-750x422.jpg 750w, https:\/\/radioprimiciapelluhue.cl\/wp-content\/uploads\/2023\/06\/Imagen-de-WhatsApp-2023-06-08-a-las-15.56.00.jpg 1280w\" sizes=\"auto, (max-width: 1024px) 100vw, 1024px\" \/><\/a><\/figure>\n\n\n\n<figure class=\"wp-block-image size-large\"><a href=\"http:\/\/radioprimiciapelluhue.cl\/wp-content\/uploads\/2023\/06\/Imagen-de-WhatsApp-2023-06-08-a-las-15.58.09.jpg\"><img loading=\"lazy\" decoding=\"async\" width=\"768\" height=\"1024\" data-id=\"5384\" src=\"http:\/\/radioprimiciapelluhue.cl\/wp-content\/uploads\/2023\/06\/Imagen-de-WhatsApp-2023-06-08-a-las-15.58.09-768x1024.jpg\" alt=\"\" class=\"wp-image-5384\" srcset=\"https:\/\/radioprimiciapelluhue.cl\/wp-content\/uploads\/2023\/06\/Imagen-de-WhatsApp-2023-06-08-a-las-15.58.09-768x1024.jpg 768w, https:\/\/radioprimiciapelluhue.cl\/wp-content\/uploads\/2023\/06\/Imagen-de-WhatsApp-2023-06-08-a-las-15.58.09-225x300.jpg 225w, https:\/\/radioprimiciapelluhue.cl\/wp-content\/uploads\/2023\/06\/Imagen-de-WhatsApp-2023-06-08-a-las-15.58.09-1152x1536.jpg 1152w, https:\/\/radioprimiciapelluhue.cl\/wp-content\/uploads\/2023\/06\/Imagen-de-WhatsApp-2023-06-08-a-las-15.58.09.jpg 1200w\" sizes=\"auto, (max-width: 768px) 100vw, 768px\" \/><\/a><\/figure>\n<\/figure>\n","protected":false},"excerpt":{"rendered":"<p>Fuertes r\u00e1fagas de viento sobre los 70 KM\/H y lluvia cae sobre el Balneario de la Provincia de Cauquenes afectando letreros y \u00e1rboles que caen producto de la fuerza del viento, se esperan en total m\u00e1s de 30 mil\u00edmetros de agua que caigan en la zona durante este jueves 08 de junio y parte del [&hellip;]<\/p>\n","protected":false},"author":1,"featured_media":5386,"comment_status":"closed","ping_status":"closed","sticky":false,"template":"","format":"standard","meta":{"footnotes":""},"categories":[2],"tags":[],"class_list":["post-5381","post","type-post","status-publish","format-standard","has-post-thumbnail","hentry","category-noticias"],"_links":{"self":[{"href":"https:\/\/radioprimiciapelluhue.cl\/index.php?rest_route=\/wp\/v2\/posts\/5381","targetHints":{"allow":["GET"]}}],"collection":[{"href":"https:\/\/radioprimiciapelluhue.cl\/index.php?rest_route=\/wp\/v2\/posts"}],"about":[{"href":"https:\/\/radioprimiciapelluhue.cl\/index.php?rest_route=\/wp\/v2\/types\/post"}],"author":[{"embeddable":true,"href":"https:\/\/radioprimiciapelluhue.cl\/index.php?rest_route=\/wp\/v2\/users\/1"}],"replies":[{"embeddable":true,"href":"https:\/\/radioprimiciapelluhue.cl\/index.php?rest_route=%2Fwp%2Fv2%2Fcomments&post=5381"}],"version-history":[{"count":2,"href":"https:\/\/radioprimiciapelluhue.cl\/index.php?rest_route=\/wp\/v2\/posts\/5381\/revisions"}],"predecessor-version":[{"id":5388,"href":"https:\/\/radioprimiciapelluhue.cl\/index.php?rest_route=\/wp\/v2\/posts\/5381\/revisions\/5388"}],"wp:featuredmedia":[{"embeddable":true,"href":"https:\/\/radioprimiciapelluhue.cl\/index.php?rest_route=\/wp\/v2\/media\/5386"}],"wp:attachment":[{"href":"https:\/\/radioprimiciapelluhue.cl\/index.php?rest_route=%2Fwp%2Fv2%2Fmedia&parent=5381"}],"wp:term":[{"taxonomy":"category","embeddable":true,"href":"https:\/\/radioprimiciapelluhue.cl\/index.php?rest_route=%2Fwp%2Fv2%2Fcategories&post=5381"},{"taxonomy":"post_tag","embeddable":true,"href":"https:\/\/radioprimiciapelluhue.cl\/index.php?rest_route=%2Fwp%2Fv2%2Ftags&post=5381"}],"curies":[{"name":"wp","href":"https:\/\/api.w.org\/{rel}","templated":true}]}}