{"id":5390,"date":"2023-06-09T22:13:25","date_gmt":"2023-06-10T02:13:25","guid":{"rendered":"http:\/\/radioprimiciapelluhue.cl\/?p=5390"},"modified":"2023-06-09T22:13:26","modified_gmt":"2023-06-10T02:13:26","slug":"el-presidente-de-la-comision-de-turismo-y-medio-ambiente-consejero-regional-daniel-bustos-leal-se-reunio-en-el-salon-municipal","status":"publish","type":"post","link":"https:\/\/radioprimiciapelluhue.cl\/?p=5390","title":{"rendered":"El Presidente de la Comisi\u00f3n de Turismo y medio ambiente Consejero Regional Daniel Bustos Leal se reuni\u00f3 en el sal\u00f3n municipal"},"content":{"rendered":"\n<p>El Presidente de la Comisi\u00f3n de Turismo y medio ambiente Consejero Regional Daniel Bustos Leal cit\u00f3 a una comisi\u00f3n en la comuna de Pelluhue, participaron las encargadas de turismo de Cauquenes, de Chanco y de Pelluhue. El Consejero Daniel Bustos Leal nos comenta que es la \u00faltima reuni\u00f3n del mes y que con esta logr\u00f3 recopilar informaci\u00f3n de las 30 Comunas de la Regi\u00f3n del Maule, para en nombre de la comisi\u00f3n solicitar recursos adicionales para invertir en turismo en la Regi\u00f3n del Maule.<\/p>\n\n\n\n<p>De los Consejeros estuvieron George Bordachar, Mirtha Segura, Patricio Ojeda y Patricio Lineros Reaf\u00edrmala el compromiso con su provincia y Regi\u00f3n del Maule para fortalecer el turismo en la zona.<\/p>\n\n\n\n<p><\/p>\n\n\n\n<figure class=\"wp-block-gallery has-nested-images columns-default is-cropped wp-block-gallery-1 is-layout-flex wp-block-gallery-is-layout-flex\">\n<figure class=\"wp-block-image size-large\"><a href=\"http:\/\/radioprimiciapelluhue.cl\/wp-content\/uploads\/2023\/06\/352800651_634748892012824_8912392879358221.jpg\"><img loading=\"lazy\" decoding=\"async\" width=\"1024\" height=\"935\" data-id=\"5391\" src=\"http:\/\/radioprimiciapelluhue.cl\/wp-content\/uploads\/2023\/06\/352800651_634748892012824_8912392879358221-1024x935.jpg\" alt=\"\" class=\"wp-image-5391\" srcset=\"https:\/\/radioprimiciapelluhue.cl\/wp-content\/uploads\/2023\/06\/352800651_634748892012824_8912392879358221-1024x935.jpg 1024w, https:\/\/radioprimiciapelluhue.cl\/wp-content\/uploads\/2023\/06\/352800651_634748892012824_8912392879358221-300x274.jpg 300w, https:\/\/radioprimiciapelluhue.cl\/wp-content\/uploads\/2023\/06\/352800651_634748892012824_8912392879358221-768x701.jpg 768w, https:\/\/radioprimiciapelluhue.cl\/wp-content\/uploads\/2023\/06\/352800651_634748892012824_8912392879358221.jpg 1314w\" sizes=\"auto, (max-width: 1024px) 100vw, 1024px\" \/><\/a><\/figure>\n\n\n\n<figure class=\"wp-block-image size-large\"><a href=\"http:\/\/radioprimiciapelluhue.cl\/wp-content\/uploads\/2023\/06\/352954865_634748855346161_7460974979757187.jpg\"><img loading=\"lazy\" decoding=\"async\" width=\"1000\" height=\"1024\" data-id=\"5392\" src=\"http:\/\/radioprimiciapelluhue.cl\/wp-content\/uploads\/2023\/06\/352954865_634748855346161_7460974979757187-1000x1024.jpg\" alt=\"\" class=\"wp-image-5392\" srcset=\"https:\/\/radioprimiciapelluhue.cl\/wp-content\/uploads\/2023\/06\/352954865_634748855346161_7460974979757187-1000x1024.jpg 1000w, https:\/\/radioprimiciapelluhue.cl\/wp-content\/uploads\/2023\/06\/352954865_634748855346161_7460974979757187-293x300.jpg 293w, https:\/\/radioprimiciapelluhue.cl\/wp-content\/uploads\/2023\/06\/352954865_634748855346161_7460974979757187-768x786.jpg 768w, https:\/\/radioprimiciapelluhue.cl\/wp-content\/uploads\/2023\/06\/352954865_634748855346161_7460974979757187.jpg 1170w\" sizes=\"auto, (max-width: 1000px) 100vw, 1000px\" \/><\/a><\/figure>\n<\/figure>\n","protected":false},"excerpt":{"rendered":"<p>El Presidente de la Comisi\u00f3n de Turismo y medio ambiente Consejero Regional Daniel Bustos Leal cit\u00f3 a una comisi\u00f3n en la comuna de Pelluhue, participaron las encargadas de turismo de Cauquenes, de Chanco y de Pelluhue. El Consejero Daniel Bustos Leal nos comenta que es la \u00faltima reuni\u00f3n del mes y que con esta logr\u00f3 [&hellip;]<\/p>\n","protected":false},"author":1,"featured_media":5393,"comment_status":"closed","ping_status":"closed","sticky":false,"template":"","format":"standard","meta":{"footnotes":""},"categories":[2],"tags":[],"class_list":["post-5390","post","type-post","status-publish","format-standard","has-post-thumbnail","hentry","category-noticias"],"_links":{"self":[{"href":"https:\/\/radioprimiciapelluhue.cl\/index.php?rest_route=\/wp\/v2\/posts\/5390","targetHints":{"allow":["GET"]}}],"collection":[{"href":"https:\/\/radioprimiciapelluhue.cl\/index.php?rest_route=\/wp\/v2\/posts"}],"about":[{"href":"https:\/\/radioprimiciapelluhue.cl\/index.php?rest_route=\/wp\/v2\/types\/post"}],"author":[{"embeddable":true,"href":"https:\/\/radioprimiciapelluhue.cl\/index.php?rest_route=\/wp\/v2\/users\/1"}],"replies":[{"embeddable":true,"href":"https:\/\/radioprimiciapelluhue.cl\/index.php?rest_route=%2Fwp%2Fv2%2Fcomments&post=5390"}],"version-history":[{"count":1,"href":"https:\/\/radioprimiciapelluhue.cl\/index.php?rest_route=\/wp\/v2\/posts\/5390\/revisions"}],"predecessor-version":[{"id":5394,"href":"https:\/\/radioprimiciapelluhue.cl\/index.php?rest_route=\/wp\/v2\/posts\/5390\/revisions\/5394"}],"wp:featuredmedia":[{"embeddable":true,"href":"https:\/\/radioprimiciapelluhue.cl\/index.php?rest_route=\/wp\/v2\/media\/5393"}],"wp:attachment":[{"href":"https:\/\/radioprimiciapelluhue.cl\/index.php?rest_route=%2Fwp%2Fv2%2Fmedia&parent=5390"}],"wp:term":[{"taxonomy":"category","embeddable":true,"href":"https:\/\/radioprimiciapelluhue.cl\/index.php?rest_route=%2Fwp%2Fv2%2Fcategories&post=5390"},{"taxonomy":"post_tag","embeddable":true,"href":"https:\/\/radioprimiciapelluhue.cl\/index.php?rest_route=%2Fwp%2Fv2%2Ftags&post=5390"}],"curies":[{"name":"wp","href":"https:\/\/api.w.org\/{rel}","templated":true}]}}