{"id":5404,"date":"2023-06-18T18:18:11","date_gmt":"2023-06-18T22:18:11","guid":{"rendered":"http:\/\/radioprimiciapelluhue.cl\/?p=5404"},"modified":"2023-06-18T18:18:11","modified_gmt":"2023-06-18T22:18:11","slug":"nuevas-comunas-que-entregaran-alimentos-gratuitos-conocieron-exitosa-experiencia-piloto-implementada-en-linares","status":"publish","type":"post","link":"https:\/\/radioprimiciapelluhue.cl\/?p=5404","title":{"rendered":"Nuevas comunas que entregar\u00e1n alimentos gratuitos conocieron exitosa experiencia piloto implementada en Linares"},"content":{"rendered":"\n<p><em>Autoridades y representantes de los municipios de Curic\u00f3, Molina, San Clemente, Talca, Constituci\u00f3n, San Javier, Parral y Cauquenes, comprobaron en terreno la operatividad y eficacia del Programa EcoMercados Solidarios del FOSIS, que se ampliar\u00e1 pronto a sus territorios gracias a recursos aportados por el Gobierno Regional del Maule<\/em><\/p>\n\n\n\n<p>En abril pasado se puso en marcha en Linares el primer EcoMercado Solidario de la Regi\u00f3n del Maule, gracias a recursos del Gobierno de Chile a trav\u00e9s del FOSIS, siendo ejecutado por la Ilustre Municipalidad de Linares y favoreciendo en una primera etapa -con la entrega gratuita de alimentos- a 30 hogares con presencia de personas cuidadoras a cargo de enfermos (as) y postrados (as).<\/p>\n\n\n\n<p>Hacia el segundo semestre de este a\u00f1o, los EcoMercados Solidarios se extender\u00e1n en el Maule a Curic\u00f3, Molina, San Clemente, Talca, Constituci\u00f3n, San Javier, Parral y Cauquenes, gracias a recursos FNDR aportados por el Gobierno Regional del Maule.<\/p>\n\n\n\n<p>Y para conocer in situ el estado del programa y su metodolog\u00eda de trabajo, compartiendo adem\u00e1s con profesionales del equipo ejecutor, autoridades y representantes de estas 8 nuevas comunas, acompa\u00f1adas por la Gobernadora Regional, Cristina Bravo, visitaron el Centro de Acopio y Distribuci\u00f3n Gratuita de Alimentos del EcoMercado Solidario de Linares, ubicado en calle Yerbas Buenas.<\/p>\n\n\n\n<p>\u201cHemos golpeado las puertas del Gobierno Regional y la Gobernadora Cristina Bravo, a trav\u00e9s de los recursos del Fondo Nacional de Desarrollo Regional, ha dispuesto la posibilidad de incrementar este banco p\u00fablico de alimentos a 8 nuevas comunas de la regi\u00f3n y a esas 8 nuevas comunas hemos invitado hoy a conocer esta experiencia piloto que, a juicio nuestro, es una experiencia exitosa y que est\u00e1 muy bien catalogada a nivel nacional, y por lo tanto nos merece el m\u00e1ximo orgullo por lo que estamos haciendo hoy d\u00eda en materia de seguridad alimentaria\u201d, explic\u00f3 el Director Regional del FOSIS, Patricio Uribe.<\/p>\n\n\n\n<p>La Gobernadora Regional, Cristina Bravo, agreg\u00f3 que \u201ctratamos de implementar este proyecto para avanzar en otras 8 comunas y por ello valoramos que los EcoMercados, donde est\u00e1n involucrados los privados, el FOSIS y ahora el Gobierno Regional y nuestros alcaldes, pueda ampliarse y por eso valoramos que hoy nos est\u00e9n acompa\u00f1ando la Alcaldesa de San Clemente y los representantes de los distintos municipios que ser\u00e1n beneficiados con este programa para llegar a muchas familias m\u00e1s, casi 500 familias que hoy est\u00e1n en una situaci\u00f3n econ\u00f3mica compleja y a las cuales como Gobierno Regional queremos apoyar\u201d.<\/p>\n\n\n\n<p>Finalmente la Seremi de Desarrollo Social y Familia, Sandra Lastra, indic\u00f3 que esto permitir\u00e1 \u201cque una importante cantidad de familias tenga acceso asegurado a una buena cantidad de alimentos. Esto es relevante y est\u00e1 dentro de las pol\u00edticas de nuestro Gobierno para entregar protecci\u00f3n a las familias y que se suma a otros beneficios como es el doble Bono Invierno para adultos mayores, as\u00ed que agradecemos que el Gobierno Regional est\u00e9 trabajando muy de la mano con el Gobierno central para poder replicar esta iniciativa que llegar\u00e1 a m\u00e1s de 500 nuevas familias maulinas\u201d.<\/p>\n\n\n\n<figure class=\"wp-block-gallery has-nested-images columns-default is-cropped wp-block-gallery-1 is-layout-flex wp-block-gallery-is-layout-flex\">\n<figure class=\"wp-block-image size-large\"><a href=\"http:\/\/radioprimiciapelluhue.cl\/wp-content\/uploads\/2023\/06\/DSC_0412.jpg\"><img loading=\"lazy\" decoding=\"async\" width=\"1024\" height=\"768\" data-id=\"5407\" src=\"http:\/\/radioprimiciapelluhue.cl\/wp-content\/uploads\/2023\/06\/DSC_0412-1024x768.jpg\" alt=\"\" class=\"wp-image-5407\" srcset=\"https:\/\/radioprimiciapelluhue.cl\/wp-content\/uploads\/2023\/06\/DSC_0412-1024x768.jpg 1024w, https:\/\/radioprimiciapelluhue.cl\/wp-content\/uploads\/2023\/06\/DSC_0412-300x225.jpg 300w, https:\/\/radioprimiciapelluhue.cl\/wp-content\/uploads\/2023\/06\/DSC_0412-768x576.jpg 768w, https:\/\/radioprimiciapelluhue.cl\/wp-content\/uploads\/2023\/06\/DSC_0412-1536x1152.jpg 1536w, https:\/\/radioprimiciapelluhue.cl\/wp-content\/uploads\/2023\/06\/DSC_0412.jpg 2016w\" sizes=\"auto, (max-width: 1024px) 100vw, 1024px\" \/><\/a><\/figure>\n\n\n\n<figure class=\"wp-block-image size-large\"><a href=\"http:\/\/radioprimiciapelluhue.cl\/wp-content\/uploads\/2023\/06\/DSC_0415.jpg\"><img loading=\"lazy\" decoding=\"async\" width=\"1024\" height=\"768\" data-id=\"5405\" src=\"http:\/\/radioprimiciapelluhue.cl\/wp-content\/uploads\/2023\/06\/DSC_0415-1024x768.jpg\" alt=\"\" class=\"wp-image-5405\" srcset=\"https:\/\/radioprimiciapelluhue.cl\/wp-content\/uploads\/2023\/06\/DSC_0415-1024x768.jpg 1024w, https:\/\/radioprimiciapelluhue.cl\/wp-content\/uploads\/2023\/06\/DSC_0415-300x225.jpg 300w, https:\/\/radioprimiciapelluhue.cl\/wp-content\/uploads\/2023\/06\/DSC_0415-768x576.jpg 768w, https:\/\/radioprimiciapelluhue.cl\/wp-content\/uploads\/2023\/06\/DSC_0415-1536x1152.jpg 1536w, https:\/\/radioprimiciapelluhue.cl\/wp-content\/uploads\/2023\/06\/DSC_0415.jpg 2016w\" sizes=\"auto, (max-width: 1024px) 100vw, 1024px\" \/><\/a><\/figure>\n\n\n\n<figure class=\"wp-block-image size-large\"><a href=\"http:\/\/radioprimiciapelluhue.cl\/wp-content\/uploads\/2023\/06\/DSC_0419.jpg\"><img loading=\"lazy\" decoding=\"async\" width=\"1024\" height=\"768\" data-id=\"5406\" src=\"http:\/\/radioprimiciapelluhue.cl\/wp-content\/uploads\/2023\/06\/DSC_0419-1024x768.jpg\" alt=\"\" class=\"wp-image-5406\" srcset=\"https:\/\/radioprimiciapelluhue.cl\/wp-content\/uploads\/2023\/06\/DSC_0419-1024x768.jpg 1024w, https:\/\/radioprimiciapelluhue.cl\/wp-content\/uploads\/2023\/06\/DSC_0419-300x225.jpg 300w, https:\/\/radioprimiciapelluhue.cl\/wp-content\/uploads\/2023\/06\/DSC_0419-768x576.jpg 768w, https:\/\/radioprimiciapelluhue.cl\/wp-content\/uploads\/2023\/06\/DSC_0419-1536x1152.jpg 1536w, https:\/\/radioprimiciapelluhue.cl\/wp-content\/uploads\/2023\/06\/DSC_0419.jpg 2016w\" sizes=\"auto, (max-width: 1024px) 100vw, 1024px\" \/><\/a><\/figure>\n<\/figure>\n","protected":false},"excerpt":{"rendered":"<p>Autoridades y representantes de los municipios de Curic\u00f3, Molina, San Clemente, Talca, Constituci\u00f3n, San Javier, Parral y Cauquenes, comprobaron en terreno la operatividad y eficacia del Programa EcoMercados Solidarios del FOSIS, que se ampliar\u00e1 pronto a sus territorios gracias a recursos aportados por el Gobierno Regional del Maule En abril pasado se puso en marcha [&hellip;]<\/p>\n","protected":false},"author":1,"featured_media":5408,"comment_status":"closed","ping_status":"closed","sticky":false,"template":"","format":"standard","meta":{"footnotes":""},"categories":[2],"tags":[],"class_list":["post-5404","post","type-post","status-publish","format-standard","has-post-thumbnail","hentry","category-noticias"],"_links":{"self":[{"href":"https:\/\/radioprimiciapelluhue.cl\/index.php?rest_route=\/wp\/v2\/posts\/5404","targetHints":{"allow":["GET"]}}],"collection":[{"href":"https:\/\/radioprimiciapelluhue.cl\/index.php?rest_route=\/wp\/v2\/posts"}],"about":[{"href":"https:\/\/radioprimiciapelluhue.cl\/index.php?rest_route=\/wp\/v2\/types\/post"}],"author":[{"embeddable":true,"href":"https:\/\/radioprimiciapelluhue.cl\/index.php?rest_route=\/wp\/v2\/users\/1"}],"replies":[{"embeddable":true,"href":"https:\/\/radioprimiciapelluhue.cl\/index.php?rest_route=%2Fwp%2Fv2%2Fcomments&post=5404"}],"version-history":[{"count":1,"href":"https:\/\/radioprimiciapelluhue.cl\/index.php?rest_route=\/wp\/v2\/posts\/5404\/revisions"}],"predecessor-version":[{"id":5409,"href":"https:\/\/radioprimiciapelluhue.cl\/index.php?rest_route=\/wp\/v2\/posts\/5404\/revisions\/5409"}],"wp:featuredmedia":[{"embeddable":true,"href":"https:\/\/radioprimiciapelluhue.cl\/index.php?rest_route=\/wp\/v2\/media\/5408"}],"wp:attachment":[{"href":"https:\/\/radioprimiciapelluhue.cl\/index.php?rest_route=%2Fwp%2Fv2%2Fmedia&parent=5404"}],"wp:term":[{"taxonomy":"category","embeddable":true,"href":"https:\/\/radioprimiciapelluhue.cl\/index.php?rest_route=%2Fwp%2Fv2%2Fcategories&post=5404"},{"taxonomy":"post_tag","embeddable":true,"href":"https:\/\/radioprimiciapelluhue.cl\/index.php?rest_route=%2Fwp%2Fv2%2Ftags&post=5404"}],"curies":[{"name":"wp","href":"https:\/\/api.w.org\/{rel}","templated":true}]}}