{"id":5419,"date":"2023-06-18T19:11:20","date_gmt":"2023-06-18T23:11:20","guid":{"rendered":"http:\/\/radioprimiciapelluhue.cl\/?p=5419"},"modified":"2023-06-18T19:11:21","modified_gmt":"2023-06-18T23:11:21","slug":"promesas-maule-realizara-mas-de-36-talleres-para-formar-nuevos-deportistas","status":"publish","type":"post","link":"https:\/\/radioprimiciapelluhue.cl\/?p=5419","title":{"rendered":"Promesas Maule realizar\u00e1 m\u00e1s de 36 talleres para formar nuevos deportistas"},"content":{"rendered":"\n<ul class=\"wp-block-list\">\n<li><em>La Gobernadora Regional Cristina Bravo, indic\u00f3 que esto es financiado gracias al Gobierno Regional y entre los talleres estar\u00e1n disciplinas como ciclismo, canotaje, karate, nataci\u00f3n, tenis de mesa, entre otros.<\/em><\/li>\n<\/ul>\n\n\n\n<p>La Gobernadora Regional del Maule Cristina Bravo, junto al Seremi de Deporte Iv\u00e1n Sep\u00falveda y el director del IND Zen\u00e9n Valenzuela, se reunieron con profesores y entrenadores que estar\u00e1n a cargo de los talleres deportivos de Promesas Maule 2023, en donde se espera puedan verse beneficiados unos 800 ni\u00f1os y ni\u00f1as maulinas y que para el Gobierno Regional significa una inversi\u00f3n de m\u00e1s de 280 millones de pesos.<\/p>\n\n\n\n<p>Promesas Maule busca crear escuelas deportivas en deportes estrat\u00e9gicos de la regi\u00f3n, para la formaci\u00f3n de nuevas promesas deportivas, por lo que gracias a un trabajo mancomunado se ha podido potenciar la actividad f\u00edsica y el deporte a trav\u00e9s de talleres de ciclismo, canotaje, karate, nataci\u00f3n, tenis de mesa, judo, boxeo, lucha libre, voleibol, balonmano, atletismo adaptado, b\u00e1squetbol, paranataci\u00f3n, taekwondo, entre otros.<\/p>\n\n\n\n<p>\u201cQuiero agradecer a los profesores que trabajan en el programa Promesa Maule, que vienen de todas las provincias de la regi\u00f3n, y les quiero contar que este es un programa in\u00e9dito en el pa\u00eds, &nbsp;y ahora estamos reforzando el trabajo que hacemos, pero adem\u00e1s quiero destacar el esfuerzo de los profesores, porque su compromiso va m\u00e1s all\u00e1 del taller, ellos trabajan por mucho m\u00e1s de las horas que nosotros somos capaces de financiar y adem\u00e1s acompa\u00f1an a las Promesas Maule, ellos planifican los viajes, campeonatos y torneos. El 2024 queremos mejorar el programa, queremos destacar el esfuerzo que realizan nuestros deportistas maulinos\u201d, dijo Cristina Bravo, Gobernadora Regional del Maule.<\/p>\n\n\n\n<p>Desde el Gobierno Regional del Maule informan que se est\u00e1 trabajando en este proyecto, que reunir\u00e1 a 51 trabajadores entre profesores, psic\u00f3logo, nutricionista, kinesi\u00f3logo entre otros, y que busca incrementar el deporte y la actividad f\u00edsica en los ni\u00f1os maulinos.<\/p>\n\n\n\n<p>\u201cEstamos contentos de realizar esta actividad con gran parte de los profesores de Promesas Maule, un programa in\u00e9dito a nivel nacional, esta es la primera regi\u00f3n que implement\u00f3 este programa, que permite buscar futuras estrellas deportivas y que ya ha tenido frutos y campeones, tanto nacionales, sudamericanos y panamericanos\u201d, agreg\u00f3 Iv\u00e1n Sep\u00falveda, Seremi de Deportes.<\/p>\n\n\n\n<p>Adem\u00e1s, desde Promesas Maule la idea es generar una base de futuras generaciones en deportes estrat\u00e9gicos, pero tambi\u00e9n la idea es mejorar el rendimiento deportivo de los ni\u00f1os y ni\u00f1as de las 30 comunas de la regi\u00f3n.<\/p>\n\n\n\n<p>\u201cPara nosotros Promesas Maule ha sido fundamental, han sido 3 a\u00f1os, y han sido fundamentales para obtener los resultados que se han dado, tanto con Roc\u00edo Mu\u00f1oz como con Benjam\u00edn Aravena y Ricardo Lobo, deportistas de Linares que se han presentado en el nivel nacional e internacional y este a\u00f1o van a estar en los Panamericanos 2023 en Santiago\u201d, indic\u00f3 Luis Cerda, Entrenador de Atletismo.<\/p>\n\n\n\n<p>Se espera que sean unas 36 escuelas deportivas en comunas como Curic\u00f3, Talca, San Javier, Colb\u00fan, Maule, Pelluhue, Linares, y Cauquenes, y la ides es que cada d\u00eda sean m\u00e1s los ni\u00f1os y ni\u00f1as maulinas que practiquen deporte.<\/p>\n\n\n\n<p>\u201cYo trabajo en los programas Promesas Maule desde que se inici\u00f3, y tenemos a importantes deportistas, como Agust\u00edn Aliaga campe\u00f3n nacional y Francisca abarca e Ignacio membran que este a\u00f1o fueron seleccionados nacionales y medallistas panamericanos, as\u00ed que este programa es fundamental para elevar el nivel deportivo en la regi\u00f3n\u201d, concluy\u00f3 Sebasti\u00e1n Mu\u00f1oz, Entrenador de Ciclismo Curic\u00f3.<\/p>\n\n\n\n<figure class=\"wp-block-gallery has-nested-images columns-default is-cropped wp-block-gallery-1 is-layout-flex wp-block-gallery-is-layout-flex\">\n<figure class=\"wp-block-image size-large\"><a href=\"http:\/\/radioprimiciapelluhue.cl\/wp-content\/uploads\/2023\/06\/Agustin-Aliaga-ciclista.jpg\"><img loading=\"lazy\" decoding=\"async\" width=\"1024\" height=\"868\" data-id=\"5420\" src=\"http:\/\/radioprimiciapelluhue.cl\/wp-content\/uploads\/2023\/06\/Agustin-Aliaga-ciclista.jpg\" alt=\"\" class=\"wp-image-5420\" srcset=\"https:\/\/radioprimiciapelluhue.cl\/wp-content\/uploads\/2023\/06\/Agustin-Aliaga-ciclista.jpg 1024w, https:\/\/radioprimiciapelluhue.cl\/wp-content\/uploads\/2023\/06\/Agustin-Aliaga-ciclista-300x254.jpg 300w, https:\/\/radioprimiciapelluhue.cl\/wp-content\/uploads\/2023\/06\/Agustin-Aliaga-ciclista-768x651.jpg 768w\" sizes=\"auto, (max-width: 1024px) 100vw, 1024px\" \/><\/a><\/figure>\n\n\n\n<figure class=\"wp-block-image size-large\"><a href=\"http:\/\/radioprimiciapelluhue.cl\/wp-content\/uploads\/2023\/06\/Franchesca-Espinoza-y-Yester-Avila-Atletas.jpg\"><img loading=\"lazy\" decoding=\"async\" width=\"1024\" height=\"768\" data-id=\"5423\" src=\"http:\/\/radioprimiciapelluhue.cl\/wp-content\/uploads\/2023\/06\/Franchesca-Espinoza-y-Yester-Avila-Atletas-1024x768.jpg\" alt=\"\" class=\"wp-image-5423\" srcset=\"https:\/\/radioprimiciapelluhue.cl\/wp-content\/uploads\/2023\/06\/Franchesca-Espinoza-y-Yester-Avila-Atletas-1024x768.jpg 1024w, https:\/\/radioprimiciapelluhue.cl\/wp-content\/uploads\/2023\/06\/Franchesca-Espinoza-y-Yester-Avila-Atletas-300x225.jpg 300w, https:\/\/radioprimiciapelluhue.cl\/wp-content\/uploads\/2023\/06\/Franchesca-Espinoza-y-Yester-Avila-Atletas-768x576.jpg 768w, https:\/\/radioprimiciapelluhue.cl\/wp-content\/uploads\/2023\/06\/Franchesca-Espinoza-y-Yester-Avila-Atletas-1536x1152.jpg 1536w, https:\/\/radioprimiciapelluhue.cl\/wp-content\/uploads\/2023\/06\/Franchesca-Espinoza-y-Yester-Avila-Atletas.jpg 1600w\" sizes=\"auto, (max-width: 1024px) 100vw, 1024px\" \/><\/a><\/figure>\n\n\n\n<figure class=\"wp-block-image size-large\"><a href=\"http:\/\/radioprimiciapelluhue.cl\/wp-content\/uploads\/2023\/06\/PROMESAS-MAULE-02.jpeg\"><img loading=\"lazy\" decoding=\"async\" width=\"1024\" height=\"682\" data-id=\"5422\" src=\"http:\/\/radioprimiciapelluhue.cl\/wp-content\/uploads\/2023\/06\/PROMESAS-MAULE-02-1024x682.jpeg\" alt=\"\" class=\"wp-image-5422\" srcset=\"https:\/\/radioprimiciapelluhue.cl\/wp-content\/uploads\/2023\/06\/PROMESAS-MAULE-02-1024x682.jpeg 1024w, https:\/\/radioprimiciapelluhue.cl\/wp-content\/uploads\/2023\/06\/PROMESAS-MAULE-02-300x200.jpeg 300w, https:\/\/radioprimiciapelluhue.cl\/wp-content\/uploads\/2023\/06\/PROMESAS-MAULE-02-768x511.jpeg 768w, https:\/\/radioprimiciapelluhue.cl\/wp-content\/uploads\/2023\/06\/PROMESAS-MAULE-02-1536x1022.jpeg 1536w, https:\/\/radioprimiciapelluhue.cl\/wp-content\/uploads\/2023\/06\/PROMESAS-MAULE-02.jpeg 1600w\" sizes=\"auto, (max-width: 1024px) 100vw, 1024px\" \/><\/a><\/figure>\n\n\n\n<figure class=\"wp-block-image size-large\"><a href=\"http:\/\/radioprimiciapelluhue.cl\/wp-content\/uploads\/2023\/06\/PROMESAS-MAULE-03.jpeg\"><img loading=\"lazy\" decoding=\"async\" width=\"1024\" height=\"682\" data-id=\"5421\" src=\"http:\/\/radioprimiciapelluhue.cl\/wp-content\/uploads\/2023\/06\/PROMESAS-MAULE-03-1024x682.jpeg\" alt=\"\" class=\"wp-image-5421\" srcset=\"https:\/\/radioprimiciapelluhue.cl\/wp-content\/uploads\/2023\/06\/PROMESAS-MAULE-03-1024x682.jpeg 1024w, https:\/\/radioprimiciapelluhue.cl\/wp-content\/uploads\/2023\/06\/PROMESAS-MAULE-03-300x200.jpeg 300w, https:\/\/radioprimiciapelluhue.cl\/wp-content\/uploads\/2023\/06\/PROMESAS-MAULE-03-768x511.jpeg 768w, https:\/\/radioprimiciapelluhue.cl\/wp-content\/uploads\/2023\/06\/PROMESAS-MAULE-03-1536x1022.jpeg 1536w, https:\/\/radioprimiciapelluhue.cl\/wp-content\/uploads\/2023\/06\/PROMESAS-MAULE-03.jpeg 1600w\" sizes=\"auto, (max-width: 1024px) 100vw, 1024px\" \/><\/a><\/figure>\n<\/figure>\n","protected":false},"excerpt":{"rendered":"<p>La Gobernadora Regional del Maule Cristina Bravo, junto al Seremi de Deporte Iv\u00e1n Sep\u00falveda y el director del IND Zen\u00e9n Valenzuela, se reunieron con profesores y entrenadores que estar\u00e1n a cargo de los talleres deportivos de Promesas Maule 2023, en donde se espera puedan verse beneficiados unos 800 ni\u00f1os y ni\u00f1as maulinas y que para [&hellip;]<\/p>\n","protected":false},"author":1,"featured_media":5424,"comment_status":"closed","ping_status":"closed","sticky":false,"template":"","format":"standard","meta":{"footnotes":""},"categories":[2],"tags":[],"class_list":["post-5419","post","type-post","status-publish","format-standard","has-post-thumbnail","hentry","category-noticias"],"_links":{"self":[{"href":"https:\/\/radioprimiciapelluhue.cl\/index.php?rest_route=\/wp\/v2\/posts\/5419","targetHints":{"allow":["GET"]}}],"collection":[{"href":"https:\/\/radioprimiciapelluhue.cl\/index.php?rest_route=\/wp\/v2\/posts"}],"about":[{"href":"https:\/\/radioprimiciapelluhue.cl\/index.php?rest_route=\/wp\/v2\/types\/post"}],"author":[{"embeddable":true,"href":"https:\/\/radioprimiciapelluhue.cl\/index.php?rest_route=\/wp\/v2\/users\/1"}],"replies":[{"embeddable":true,"href":"https:\/\/radioprimiciapelluhue.cl\/index.php?rest_route=%2Fwp%2Fv2%2Fcomments&post=5419"}],"version-history":[{"count":1,"href":"https:\/\/radioprimiciapelluhue.cl\/index.php?rest_route=\/wp\/v2\/posts\/5419\/revisions"}],"predecessor-version":[{"id":5425,"href":"https:\/\/radioprimiciapelluhue.cl\/index.php?rest_route=\/wp\/v2\/posts\/5419\/revisions\/5425"}],"wp:featuredmedia":[{"embeddable":true,"href":"https:\/\/radioprimiciapelluhue.cl\/index.php?rest_route=\/wp\/v2\/media\/5424"}],"wp:attachment":[{"href":"https:\/\/radioprimiciapelluhue.cl\/index.php?rest_route=%2Fwp%2Fv2%2Fmedia&parent=5419"}],"wp:term":[{"taxonomy":"category","embeddable":true,"href":"https:\/\/radioprimiciapelluhue.cl\/index.php?rest_route=%2Fwp%2Fv2%2Fcategories&post=5419"},{"taxonomy":"post_tag","embeddable":true,"href":"https:\/\/radioprimiciapelluhue.cl\/index.php?rest_route=%2Fwp%2Fv2%2Ftags&post=5419"}],"curies":[{"name":"wp","href":"https:\/\/api.w.org\/{rel}","templated":true}]}}