{"id":5436,"date":"2023-06-23T16:41:54","date_gmt":"2023-06-23T20:41:54","guid":{"rendered":"http:\/\/radioprimiciapelluhue.cl\/?p=5436"},"modified":"2023-06-23T16:41:55","modified_gmt":"2023-06-23T20:41:55","slug":"corte-de-energia-afecta-desde-las-3-am-a-las-comunas-de-chanco-y-pelluhue","status":"publish","type":"post","link":"https:\/\/radioprimiciapelluhue.cl\/?p=5436","title":{"rendered":"CORTE DE ENERG\u00cdA AFECTA DESDE LAS 3 AM A LAS COMUNAS DE CHANCO Y PELLUHUE"},"content":{"rendered":"\n<p>Hora reposici\u00f3n aproximadamente a las 17 horas<\/p>\n\n\n\n<p>Los contratistas y cuadrillas especiales de CGE trabajan en la falla y en distintos sectores<\/p>\n\n\n\n<p>Somos Radioprimiciapelluhue la \u00fanica que est\u00e1 al aire en esta emergencia<\/p>\n\n\n\n<p>Producto del frente de mal tiempo y las condiciones de la carretera en el sector los Ruiles cuesta el corte por ca\u00edda de \u00e1rboles se encuentra sin energ\u00eda tanto la comuna de Chanco y Pelluhue solo energizado con generadores que est\u00e1n instalados. Hora de reposici\u00f3n a\u00fan no determinada, se proceder\u00e1 a cortar \u00e1rboles que est\u00e1n en peligro de caer sobre la carretera y l\u00edneas de energ\u00eda, el tr\u00e1nsito hasta el<\/p>\n\n\n\n<p>Momento habilitado.<\/p>\n\n\n\n<figure class=\"wp-block-gallery has-nested-images columns-default is-cropped wp-block-gallery-1 is-layout-flex wp-block-gallery-is-layout-flex\">\n<figure class=\"wp-block-image size-large\"><a href=\"http:\/\/radioprimiciapelluhue.cl\/wp-content\/uploads\/2023\/06\/353020514_642664491221264_5579001845073845360_n.jpg\"><img loading=\"lazy\" decoding=\"async\" width=\"461\" height=\"1024\" data-id=\"5437\" src=\"http:\/\/radioprimiciapelluhue.cl\/wp-content\/uploads\/2023\/06\/353020514_642664491221264_5579001845073845360_n-461x1024.jpg\" alt=\"\" class=\"wp-image-5437\" srcset=\"https:\/\/radioprimiciapelluhue.cl\/wp-content\/uploads\/2023\/06\/353020514_642664491221264_5579001845073845360_n-461x1024.jpg 461w, https:\/\/radioprimiciapelluhue.cl\/wp-content\/uploads\/2023\/06\/353020514_642664491221264_5579001845073845360_n-135x300.jpg 135w, https:\/\/radioprimiciapelluhue.cl\/wp-content\/uploads\/2023\/06\/353020514_642664491221264_5579001845073845360_n.jpg 576w\" sizes=\"auto, (max-width: 461px) 100vw, 461px\" \/><\/a><\/figure>\n<\/figure>\n\n\n\n<p><\/p>\n","protected":false},"excerpt":{"rendered":"<p>Hora reposici\u00f3n aproximadamente a las 17 horas Los contratistas y cuadrillas especiales de CGE trabajan en la falla y en distintos sectores Somos Radioprimiciapelluhue la \u00fanica que est\u00e1 al aire en esta emergencia Producto del frente de mal tiempo y las condiciones de la carretera en el sector los Ruiles cuesta el corte por ca\u00edda [&hellip;]<\/p>\n","protected":false},"author":1,"featured_media":5437,"comment_status":"closed","ping_status":"closed","sticky":false,"template":"","format":"standard","meta":{"footnotes":""},"categories":[2],"tags":[],"class_list":["post-5436","post","type-post","status-publish","format-standard","has-post-thumbnail","hentry","category-noticias"],"_links":{"self":[{"href":"https:\/\/radioprimiciapelluhue.cl\/index.php?rest_route=\/wp\/v2\/posts\/5436","targetHints":{"allow":["GET"]}}],"collection":[{"href":"https:\/\/radioprimiciapelluhue.cl\/index.php?rest_route=\/wp\/v2\/posts"}],"about":[{"href":"https:\/\/radioprimiciapelluhue.cl\/index.php?rest_route=\/wp\/v2\/types\/post"}],"author":[{"embeddable":true,"href":"https:\/\/radioprimiciapelluhue.cl\/index.php?rest_route=\/wp\/v2\/users\/1"}],"replies":[{"embeddable":true,"href":"https:\/\/radioprimiciapelluhue.cl\/index.php?rest_route=%2Fwp%2Fv2%2Fcomments&post=5436"}],"version-history":[{"count":1,"href":"https:\/\/radioprimiciapelluhue.cl\/index.php?rest_route=\/wp\/v2\/posts\/5436\/revisions"}],"predecessor-version":[{"id":5438,"href":"https:\/\/radioprimiciapelluhue.cl\/index.php?rest_route=\/wp\/v2\/posts\/5436\/revisions\/5438"}],"wp:featuredmedia":[{"embeddable":true,"href":"https:\/\/radioprimiciapelluhue.cl\/index.php?rest_route=\/wp\/v2\/media\/5437"}],"wp:attachment":[{"href":"https:\/\/radioprimiciapelluhue.cl\/index.php?rest_route=%2Fwp%2Fv2%2Fmedia&parent=5436"}],"wp:term":[{"taxonomy":"category","embeddable":true,"href":"https:\/\/radioprimiciapelluhue.cl\/index.php?rest_route=%2Fwp%2Fv2%2Fcategories&post=5436"},{"taxonomy":"post_tag","embeddable":true,"href":"https:\/\/radioprimiciapelluhue.cl\/index.php?rest_route=%2Fwp%2Fv2%2Ftags&post=5436"}],"curies":[{"name":"wp","href":"https:\/\/api.w.org\/{rel}","templated":true}]}}