{"id":5451,"date":"2023-08-19T19:45:09","date_gmt":"2023-08-19T23:45:09","guid":{"rendered":"http:\/\/radioprimiciapelluhue.cl\/?p=5451"},"modified":"2023-08-19T19:45:10","modified_gmt":"2023-08-19T23:45:10","slug":"transito-suspendio-a-cauquenes-y-viceversa-por-caida-de-arboles-y-derrumbes","status":"publish","type":"post","link":"https:\/\/radioprimiciapelluhue.cl\/?p=5451","title":{"rendered":"TRANSITO SUSPENDIO A CAUQUENES Y VICEVERSA POR CAIDA DE ARBOLES Y DERRUMBES"},"content":{"rendered":"\n<p>&nbsp;Dada la compleja situaci\u00f3n por la ca\u00edda de \u00e1rboles en la Ruta M-50, es que se ha decidido suspender el tr\u00e1nsito para todo tipo de veh\u00edculo entre el sector de La Vega y Las Conejas de la mencionada v\u00eda.<\/p>\n\n\n\n<p>Esta medida comenzar\u00e1 a regir desde las 18:00 horas de hoy s\u00e1bado 19 de agosto.<\/p>\n\n\n\n<p><\/p>\n\n\n\n<figure class=\"wp-block-image size-large\"><a href=\"http:\/\/radioprimiciapelluhue.cl\/wp-content\/uploads\/2023\/08\/367429464_675585761262470_3746174775024710019_n.jpg\"><img loading=\"lazy\" decoding=\"async\" width=\"819\" height=\"1024\" src=\"http:\/\/radioprimiciapelluhue.cl\/wp-content\/uploads\/2023\/08\/367429464_675585761262470_3746174775024710019_n-819x1024.jpg\" alt=\"\" class=\"wp-image-5452\" srcset=\"https:\/\/radioprimiciapelluhue.cl\/wp-content\/uploads\/2023\/08\/367429464_675585761262470_3746174775024710019_n-819x1024.jpg 819w, https:\/\/radioprimiciapelluhue.cl\/wp-content\/uploads\/2023\/08\/367429464_675585761262470_3746174775024710019_n-240x300.jpg 240w, https:\/\/radioprimiciapelluhue.cl\/wp-content\/uploads\/2023\/08\/367429464_675585761262470_3746174775024710019_n-768x961.jpg 768w, https:\/\/radioprimiciapelluhue.cl\/wp-content\/uploads\/2023\/08\/367429464_675585761262470_3746174775024710019_n.jpg 1080w\" sizes=\"auto, (max-width: 819px) 100vw, 819px\" \/><\/a><\/figure>\n","protected":false},"excerpt":{"rendered":"<p>&nbsp;Dada la compleja situaci\u00f3n por la ca\u00edda de \u00e1rboles en la Ruta M-50, es que se ha decidido suspender el tr\u00e1nsito para todo tipo de veh\u00edculo entre el sector de La Vega y Las Conejas de la mencionada v\u00eda. Esta medida comenzar\u00e1 a regir desde las 18:00 horas de hoy s\u00e1bado 19 de agosto.<\/p>\n","protected":false},"author":1,"featured_media":5452,"comment_status":"closed","ping_status":"closed","sticky":false,"template":"","format":"standard","meta":{"footnotes":""},"categories":[2],"tags":[],"class_list":["post-5451","post","type-post","status-publish","format-standard","has-post-thumbnail","hentry","category-noticias"],"_links":{"self":[{"href":"https:\/\/radioprimiciapelluhue.cl\/index.php?rest_route=\/wp\/v2\/posts\/5451","targetHints":{"allow":["GET"]}}],"collection":[{"href":"https:\/\/radioprimiciapelluhue.cl\/index.php?rest_route=\/wp\/v2\/posts"}],"about":[{"href":"https:\/\/radioprimiciapelluhue.cl\/index.php?rest_route=\/wp\/v2\/types\/post"}],"author":[{"embeddable":true,"href":"https:\/\/radioprimiciapelluhue.cl\/index.php?rest_route=\/wp\/v2\/users\/1"}],"replies":[{"embeddable":true,"href":"https:\/\/radioprimiciapelluhue.cl\/index.php?rest_route=%2Fwp%2Fv2%2Fcomments&post=5451"}],"version-history":[{"count":1,"href":"https:\/\/radioprimiciapelluhue.cl\/index.php?rest_route=\/wp\/v2\/posts\/5451\/revisions"}],"predecessor-version":[{"id":5453,"href":"https:\/\/radioprimiciapelluhue.cl\/index.php?rest_route=\/wp\/v2\/posts\/5451\/revisions\/5453"}],"wp:featuredmedia":[{"embeddable":true,"href":"https:\/\/radioprimiciapelluhue.cl\/index.php?rest_route=\/wp\/v2\/media\/5452"}],"wp:attachment":[{"href":"https:\/\/radioprimiciapelluhue.cl\/index.php?rest_route=%2Fwp%2Fv2%2Fmedia&parent=5451"}],"wp:term":[{"taxonomy":"category","embeddable":true,"href":"https:\/\/radioprimiciapelluhue.cl\/index.php?rest_route=%2Fwp%2Fv2%2Fcategories&post=5451"},{"taxonomy":"post_tag","embeddable":true,"href":"https:\/\/radioprimiciapelluhue.cl\/index.php?rest_route=%2Fwp%2Fv2%2Ftags&post=5451"}],"curies":[{"name":"wp","href":"https:\/\/api.w.org\/{rel}","templated":true}]}}