{"id":5463,"date":"2023-09-13T16:20:56","date_gmt":"2023-09-13T20:20:56","guid":{"rendered":"http:\/\/radioprimiciapelluhue.cl\/?p=5463"},"modified":"2023-09-13T16:23:06","modified_gmt":"2023-09-13T20:23:06","slug":"se-inicia-ayuda-a-damnificados-por-incendio-en-quilicura-el-rey","status":"publish","type":"post","link":"https:\/\/radioprimiciapelluhue.cl\/?p=5463","title":{"rendered":"SE INICIA AYUDA A DAMNIFICADOS POR INCENDIO EN QUILICURA EL REY"},"content":{"rendered":"\n<p>En raz\u00f3n al incendio que afecto a una familia del sector de Quilicura en Curanipe en d\u00edas pasados, la Ilustre Municipalidad de Pelluhue a iniciado las obras de mitigaci\u00f3n a las p\u00e9rdidas sufridas en primer lugar con la instalaci\u00f3n de una vivienda de emergencia\u2026.<\/p>\n\n\n\n<p>Fuente: Ilustre Municipalidad de Pelluhue<\/p>\n\n\n\n<p><a href=\"https:\/\/m.facebook.com\/story.php?story_fbid=pfbid021VWCSkTP8B9kR1ScTRMgrzvVwXDvKv9UTfo6YY9FZntenujN873qHAeWpfZ1zXPMl&amp;id=100067634963114&amp;mibextid=Nif5oz\">https:\/\/m.facebook.com\/story.php?story_fbid=pfbid021VWCSkTP8B9kR1ScTRMgrzvVwXDvKv9UTfo6YY9FZntenujN873qHAeWpfZ1zXPMl&amp;id=100067634963114&amp;mibextid=Nif5oz<\/a><\/p>\n\n\n\n<figure class=\"wp-block-image size-large\"><a href=\"http:\/\/radioprimiciapelluhue.cl\/wp-content\/uploads\/2023\/09\/Imagen-de-WhatsApp-2023-09-13-a-las-17.20.08.jpg\"><img loading=\"lazy\" decoding=\"async\" width=\"1024\" height=\"626\" src=\"http:\/\/radioprimiciapelluhue.cl\/wp-content\/uploads\/2023\/09\/Imagen-de-WhatsApp-2023-09-13-a-las-17.20.08-1024x626.jpg\" alt=\"\" class=\"wp-image-5467\" srcset=\"https:\/\/radioprimiciapelluhue.cl\/wp-content\/uploads\/2023\/09\/Imagen-de-WhatsApp-2023-09-13-a-las-17.20.08-1024x626.jpg 1024w, https:\/\/radioprimiciapelluhue.cl\/wp-content\/uploads\/2023\/09\/Imagen-de-WhatsApp-2023-09-13-a-las-17.20.08-300x183.jpg 300w, https:\/\/radioprimiciapelluhue.cl\/wp-content\/uploads\/2023\/09\/Imagen-de-WhatsApp-2023-09-13-a-las-17.20.08-768x469.jpg 768w, https:\/\/radioprimiciapelluhue.cl\/wp-content\/uploads\/2023\/09\/Imagen-de-WhatsApp-2023-09-13-a-las-17.20.08.jpg 1178w\" sizes=\"auto, (max-width: 1024px) 100vw, 1024px\" \/><\/a><\/figure>\n","protected":false},"excerpt":{"rendered":"<p>En raz\u00f3n al incendio que afecto a una familia del sector de Quilicura en Curanipe en d\u00edas pasados, la Ilustre Municipalidad de Pelluhue a iniciado las obras de mitigaci\u00f3n a las p\u00e9rdidas sufridas en primer lugar con la instalaci\u00f3n de una vivienda de emergencia\u2026. Fuente: Ilustre Municipalidad de Pelluhue https:\/\/m.facebook.com\/story.php?story_fbid=pfbid021VWCSkTP8B9kR1ScTRMgrzvVwXDvKv9UTfo6YY9FZntenujN873qHAeWpfZ1zXPMl&amp;id=100067634963114&amp;mibextid=Nif5oz<\/p>\n","protected":false},"author":1,"featured_media":5465,"comment_status":"closed","ping_status":"closed","sticky":false,"template":"","format":"standard","meta":{"footnotes":""},"categories":[2],"tags":[],"class_list":["post-5463","post","type-post","status-publish","format-standard","has-post-thumbnail","hentry","category-noticias"],"_links":{"self":[{"href":"https:\/\/radioprimiciapelluhue.cl\/index.php?rest_route=\/wp\/v2\/posts\/5463","targetHints":{"allow":["GET"]}}],"collection":[{"href":"https:\/\/radioprimiciapelluhue.cl\/index.php?rest_route=\/wp\/v2\/posts"}],"about":[{"href":"https:\/\/radioprimiciapelluhue.cl\/index.php?rest_route=\/wp\/v2\/types\/post"}],"author":[{"embeddable":true,"href":"https:\/\/radioprimiciapelluhue.cl\/index.php?rest_route=\/wp\/v2\/users\/1"}],"replies":[{"embeddable":true,"href":"https:\/\/radioprimiciapelluhue.cl\/index.php?rest_route=%2Fwp%2Fv2%2Fcomments&post=5463"}],"version-history":[{"count":2,"href":"https:\/\/radioprimiciapelluhue.cl\/index.php?rest_route=\/wp\/v2\/posts\/5463\/revisions"}],"predecessor-version":[{"id":5468,"href":"https:\/\/radioprimiciapelluhue.cl\/index.php?rest_route=\/wp\/v2\/posts\/5463\/revisions\/5468"}],"wp:featuredmedia":[{"embeddable":true,"href":"https:\/\/radioprimiciapelluhue.cl\/index.php?rest_route=\/wp\/v2\/media\/5465"}],"wp:attachment":[{"href":"https:\/\/radioprimiciapelluhue.cl\/index.php?rest_route=%2Fwp%2Fv2%2Fmedia&parent=5463"}],"wp:term":[{"taxonomy":"category","embeddable":true,"href":"https:\/\/radioprimiciapelluhue.cl\/index.php?rest_route=%2Fwp%2Fv2%2Fcategories&post=5463"},{"taxonomy":"post_tag","embeddable":true,"href":"https:\/\/radioprimiciapelluhue.cl\/index.php?rest_route=%2Fwp%2Fv2%2Ftags&post=5463"}],"curies":[{"name":"wp","href":"https:\/\/api.w.org\/{rel}","templated":true}]}}