{"id":5547,"date":"2023-09-22T08:55:20","date_gmt":"2023-09-22T12:55:20","guid":{"rendered":"http:\/\/radioprimiciapelluhue.cl\/?p=5547"},"modified":"2023-09-22T08:55:20","modified_gmt":"2023-09-22T12:55:20","slug":"consejo-constitucional-aprueba-exencion-del-pago-de-contribuciones-e-impuesto-territorial-para-vivienda-principal","status":"publish","type":"post","link":"https:\/\/radioprimiciapelluhue.cl\/?p=5547","title":{"rendered":"Consejo Constitucional: aprueba exenci\u00f3n del pago de contribuciones e impuesto territorial para vivienda principal."},"content":{"rendered":"\n<p>En una acalorada discusi\u00f3n y con votos divididos fue aprobada la exenci\u00f3n del pago de contribuciones e impuestos territorial para la vivienda principal. La ley determinara la forma de hacer efectivo este derecho.<\/p>\n\n\n\n<p>La propuesta hab\u00eda generado pol\u00e9mica tanto en el oficialismo como en la oposici\u00f3n, debido a que agrupaciones de alcaldes advirtieron del riesgo de \u201cdesfinanciamiento\u201d que su aprobaci\u00f3n podr\u00eda suponer para los municipios.<\/p>\n\n\n\n<p>La aprobaci\u00f3n, se logro con 30 votos a favor, 17 en contra de la bancada oficialista y 3 abstenciones de Chile Vamos.<\/p>\n\n\n\n<p>Fuente: Meganoticias.cl<\/p>\n\n\n\n<p><a href=\"https:\/\/www.meganoticias.cl\/nacional\/426174-aprueban-eliminar-pago-contribuciones-primera-vivienda-constitucion-21-09-2023.html\">https:\/\/www.meganoticias.cl\/nacional\/426174-aprueban-eliminar-pago-contribuciones-primera-vivienda-constitucion-21-09-2023.html<\/a><\/p>\n\n\n\n<figure class=\"wp-block-image size-full\"><a href=\"http:\/\/radioprimiciapelluhue.cl\/wp-content\/uploads\/2023\/09\/image-12.png\"><img loading=\"lazy\" decoding=\"async\" width=\"919\" height=\"446\" src=\"http:\/\/radioprimiciapelluhue.cl\/wp-content\/uploads\/2023\/09\/image-12.png\" alt=\"\" class=\"wp-image-5548\" srcset=\"https:\/\/radioprimiciapelluhue.cl\/wp-content\/uploads\/2023\/09\/image-12.png 919w, https:\/\/radioprimiciapelluhue.cl\/wp-content\/uploads\/2023\/09\/image-12-300x146.png 300w, https:\/\/radioprimiciapelluhue.cl\/wp-content\/uploads\/2023\/09\/image-12-768x373.png 768w\" sizes=\"auto, (max-width: 919px) 100vw, 919px\" \/><\/a><\/figure>\n","protected":false},"excerpt":{"rendered":"<p>En una acalorada discusi\u00f3n y con votos divididos fue aprobada la exenci\u00f3n del pago de contribuciones e impuestos territorial para la vivienda principal. La ley determinara la forma de hacer efectivo este derecho. La propuesta hab\u00eda generado pol\u00e9mica tanto en el oficialismo como en la oposici\u00f3n, debido a que agrupaciones de alcaldes advirtieron del riesgo [&hellip;]<\/p>\n","protected":false},"author":1,"featured_media":5549,"comment_status":"closed","ping_status":"closed","sticky":false,"template":"","format":"standard","meta":{"footnotes":""},"categories":[2],"tags":[],"class_list":["post-5547","post","type-post","status-publish","format-standard","has-post-thumbnail","hentry","category-noticias"],"_links":{"self":[{"href":"https:\/\/radioprimiciapelluhue.cl\/index.php?rest_route=\/wp\/v2\/posts\/5547","targetHints":{"allow":["GET"]}}],"collection":[{"href":"https:\/\/radioprimiciapelluhue.cl\/index.php?rest_route=\/wp\/v2\/posts"}],"about":[{"href":"https:\/\/radioprimiciapelluhue.cl\/index.php?rest_route=\/wp\/v2\/types\/post"}],"author":[{"embeddable":true,"href":"https:\/\/radioprimiciapelluhue.cl\/index.php?rest_route=\/wp\/v2\/users\/1"}],"replies":[{"embeddable":true,"href":"https:\/\/radioprimiciapelluhue.cl\/index.php?rest_route=%2Fwp%2Fv2%2Fcomments&post=5547"}],"version-history":[{"count":1,"href":"https:\/\/radioprimiciapelluhue.cl\/index.php?rest_route=\/wp\/v2\/posts\/5547\/revisions"}],"predecessor-version":[{"id":5550,"href":"https:\/\/radioprimiciapelluhue.cl\/index.php?rest_route=\/wp\/v2\/posts\/5547\/revisions\/5550"}],"wp:featuredmedia":[{"embeddable":true,"href":"https:\/\/radioprimiciapelluhue.cl\/index.php?rest_route=\/wp\/v2\/media\/5549"}],"wp:attachment":[{"href":"https:\/\/radioprimiciapelluhue.cl\/index.php?rest_route=%2Fwp%2Fv2%2Fmedia&parent=5547"}],"wp:term":[{"taxonomy":"category","embeddable":true,"href":"https:\/\/radioprimiciapelluhue.cl\/index.php?rest_route=%2Fwp%2Fv2%2Fcategories&post=5547"},{"taxonomy":"post_tag","embeddable":true,"href":"https:\/\/radioprimiciapelluhue.cl\/index.php?rest_route=%2Fwp%2Fv2%2Ftags&post=5547"}],"curies":[{"name":"wp","href":"https:\/\/api.w.org\/{rel}","templated":true}]}}