{"id":5567,"date":"2023-09-24T21:30:26","date_gmt":"2023-09-25T01:30:26","guid":{"rendered":"http:\/\/radioprimiciapelluhue.cl\/?p=5567"},"modified":"2023-09-24T21:30:27","modified_gmt":"2023-09-25T01:30:27","slug":"rebaja-de-parlamentarios-fue-aprobada","status":"publish","type":"post","link":"https:\/\/radioprimiciapelluhue.cl\/?p=5567","title":{"rendered":"Rebaja de Parlamentarios fue aprobada"},"content":{"rendered":"\n<p>Un nuevo articulo fue aprobado por el Consejo Constitucional, referente a la disminuci\u00f3n de parlamentarios en los distintos distritos. Seg\u00fan lo se\u00f1alado, la C\u00e1mara de Diputados se reducir\u00eda a 138 en vez de los 155 que existen hoy y los Senadores serian 48.<\/p>\n\n\n\n<p>As\u00ed como tambi\u00e9n, se acord\u00f3 con poner t\u00e9rmino a los esca\u00f1os reservados a los Pueblos Ind\u00edgenas.<\/p>\n\n\n\n<p>Fuente: Emol<\/p>\n\n\n\n<p><a href=\"https:\/\/www.emol.com\/noticias\/Nacional\/2023\/09\/23\/1107997\/consejo-normas-congreso-nacional-distritos.html\">https:\/\/www.emol.com\/noticias\/Nacional\/2023\/09\/23\/1107997\/consejo-normas-congreso-nacional-distritos.html<\/a><\/p>\n\n\n\n<figure class=\"wp-block-image size-large\"><a href=\"http:\/\/radioprimiciapelluhue.cl\/wp-content\/uploads\/2023\/09\/parlamento3-scaled.jpg\"><img loading=\"lazy\" decoding=\"async\" width=\"1024\" height=\"567\" src=\"http:\/\/radioprimiciapelluhue.cl\/wp-content\/uploads\/2023\/09\/parlamento3-1024x567.jpg\" alt=\"\" class=\"wp-image-5571\" srcset=\"https:\/\/radioprimiciapelluhue.cl\/wp-content\/uploads\/2023\/09\/parlamento3-1024x567.jpg 1024w, https:\/\/radioprimiciapelluhue.cl\/wp-content\/uploads\/2023\/09\/parlamento3-300x166.jpg 300w, https:\/\/radioprimiciapelluhue.cl\/wp-content\/uploads\/2023\/09\/parlamento3-768x425.jpg 768w, https:\/\/radioprimiciapelluhue.cl\/wp-content\/uploads\/2023\/09\/parlamento3-1536x851.jpg 1536w, https:\/\/radioprimiciapelluhue.cl\/wp-content\/uploads\/2023\/09\/parlamento3-2048x1134.jpg 2048w\" sizes=\"auto, (max-width: 1024px) 100vw, 1024px\" \/><\/a><\/figure>\n","protected":false},"excerpt":{"rendered":"<p>Un nuevo articulo fue aprobado por el Consejo Constitucional, referente a la disminuci\u00f3n de parlamentarios en los distintos distritos. Seg\u00fan lo se\u00f1alado, la C\u00e1mara de Diputados se reducir\u00eda a 138 en vez de los 155 que existen hoy y los Senadores serian 48. As\u00ed como tambi\u00e9n, se acord\u00f3 con poner t\u00e9rmino a los esca\u00f1os reservados [&hellip;]<\/p>\n","protected":false},"author":1,"featured_media":5569,"comment_status":"closed","ping_status":"closed","sticky":false,"template":"","format":"standard","meta":{"footnotes":""},"categories":[60],"tags":[],"class_list":["post-5567","post","type-post","status-publish","format-standard","has-post-thumbnail","hentry","category-politica"],"_links":{"self":[{"href":"https:\/\/radioprimiciapelluhue.cl\/index.php?rest_route=\/wp\/v2\/posts\/5567","targetHints":{"allow":["GET"]}}],"collection":[{"href":"https:\/\/radioprimiciapelluhue.cl\/index.php?rest_route=\/wp\/v2\/posts"}],"about":[{"href":"https:\/\/radioprimiciapelluhue.cl\/index.php?rest_route=\/wp\/v2\/types\/post"}],"author":[{"embeddable":true,"href":"https:\/\/radioprimiciapelluhue.cl\/index.php?rest_route=\/wp\/v2\/users\/1"}],"replies":[{"embeddable":true,"href":"https:\/\/radioprimiciapelluhue.cl\/index.php?rest_route=%2Fwp%2Fv2%2Fcomments&post=5567"}],"version-history":[{"count":2,"href":"https:\/\/radioprimiciapelluhue.cl\/index.php?rest_route=\/wp\/v2\/posts\/5567\/revisions"}],"predecessor-version":[{"id":5572,"href":"https:\/\/radioprimiciapelluhue.cl\/index.php?rest_route=\/wp\/v2\/posts\/5567\/revisions\/5572"}],"wp:featuredmedia":[{"embeddable":true,"href":"https:\/\/radioprimiciapelluhue.cl\/index.php?rest_route=\/wp\/v2\/media\/5569"}],"wp:attachment":[{"href":"https:\/\/radioprimiciapelluhue.cl\/index.php?rest_route=%2Fwp%2Fv2%2Fmedia&parent=5567"}],"wp:term":[{"taxonomy":"category","embeddable":true,"href":"https:\/\/radioprimiciapelluhue.cl\/index.php?rest_route=%2Fwp%2Fv2%2Fcategories&post=5567"},{"taxonomy":"post_tag","embeddable":true,"href":"https:\/\/radioprimiciapelluhue.cl\/index.php?rest_route=%2Fwp%2Fv2%2Ftags&post=5567"}],"curies":[{"name":"wp","href":"https:\/\/api.w.org\/{rel}","templated":true}]}}