{"id":5573,"date":"2023-09-26T09:45:25","date_gmt":"2023-09-26T13:45:25","guid":{"rendered":"http:\/\/radioprimiciapelluhue.cl\/?p=5573"},"modified":"2023-09-26T09:45:25","modified_gmt":"2023-09-26T13:45:25","slug":"presunto-abuso-sexual-de-funcionario-de-gobierno-en-el-maule","status":"publish","type":"post","link":"https:\/\/radioprimiciapelluhue.cl\/?p=5573","title":{"rendered":"Presunto abuso sexual de funcionario de gobierno en el Maule"},"content":{"rendered":"\n<p>Denuncia que afecta al jefe de Gabinete de la Seremi de Bienes Nacionales de la Regi\u00f3n del Maule, quien fue removido de sus funciones, al ser acusado de dicho acto que habr\u00eda ocurrido en el marco de una fiesta particular.<\/p>\n\n\n\n<p>Dicha fiesta se habr\u00eda realizado fuera del horario laboral y habr\u00edan participado personas de distintos servicios p\u00fablicos.<\/p>\n\n\n\n<p><br>Fuente: Emol.com <\/p>\n\n\n\n<p><a href=\"https:\/\/www.emol.com\/noticias\/Nacional\/2023\/09\/26\/1108184\/presunto-abuso-sexual-funcionarios-maule.html\">https:\/\/www.emol.com\/noticias\/Nacional\/2023\/09\/26\/1108184\/presunto-abuso-sexual-funcionarios-maule.html<\/a><\/p>\n\n\n\n<figure class=\"wp-block-image size-full\"><a href=\"http:\/\/radioprimiciapelluhue.cl\/wp-content\/uploads\/2023\/09\/image-17.png\"><img loading=\"lazy\" decoding=\"async\" width=\"921\" height=\"471\" src=\"http:\/\/radioprimiciapelluhue.cl\/wp-content\/uploads\/2023\/09\/image-17.png\" alt=\"\" class=\"wp-image-5574\" srcset=\"https:\/\/radioprimiciapelluhue.cl\/wp-content\/uploads\/2023\/09\/image-17.png 921w, https:\/\/radioprimiciapelluhue.cl\/wp-content\/uploads\/2023\/09\/image-17-300x153.png 300w, https:\/\/radioprimiciapelluhue.cl\/wp-content\/uploads\/2023\/09\/image-17-768x393.png 768w\" sizes=\"auto, (max-width: 921px) 100vw, 921px\" \/><\/a><\/figure>\n","protected":false},"excerpt":{"rendered":"<p>Denuncia que afecta al jefe de Gabinete de la Seremi de Bienes Nacionales de la Regi\u00f3n del Maule, quien fue removido de sus funciones, al ser acusado de dicho acto que habr\u00eda ocurrido en el marco de una fiesta particular. Dicha fiesta se habr\u00eda realizado fuera del horario laboral y habr\u00edan participado personas de distintos [&hellip;]<\/p>\n","protected":false},"author":1,"featured_media":5575,"comment_status":"closed","ping_status":"closed","sticky":false,"template":"","format":"standard","meta":{"footnotes":""},"categories":[60],"tags":[],"class_list":["post-5573","post","type-post","status-publish","format-standard","has-post-thumbnail","hentry","category-politica"],"_links":{"self":[{"href":"https:\/\/radioprimiciapelluhue.cl\/index.php?rest_route=\/wp\/v2\/posts\/5573","targetHints":{"allow":["GET"]}}],"collection":[{"href":"https:\/\/radioprimiciapelluhue.cl\/index.php?rest_route=\/wp\/v2\/posts"}],"about":[{"href":"https:\/\/radioprimiciapelluhue.cl\/index.php?rest_route=\/wp\/v2\/types\/post"}],"author":[{"embeddable":true,"href":"https:\/\/radioprimiciapelluhue.cl\/index.php?rest_route=\/wp\/v2\/users\/1"}],"replies":[{"embeddable":true,"href":"https:\/\/radioprimiciapelluhue.cl\/index.php?rest_route=%2Fwp%2Fv2%2Fcomments&post=5573"}],"version-history":[{"count":2,"href":"https:\/\/radioprimiciapelluhue.cl\/index.php?rest_route=\/wp\/v2\/posts\/5573\/revisions"}],"predecessor-version":[{"id":5577,"href":"https:\/\/radioprimiciapelluhue.cl\/index.php?rest_route=\/wp\/v2\/posts\/5573\/revisions\/5577"}],"wp:featuredmedia":[{"embeddable":true,"href":"https:\/\/radioprimiciapelluhue.cl\/index.php?rest_route=\/wp\/v2\/media\/5575"}],"wp:attachment":[{"href":"https:\/\/radioprimiciapelluhue.cl\/index.php?rest_route=%2Fwp%2Fv2%2Fmedia&parent=5573"}],"wp:term":[{"taxonomy":"category","embeddable":true,"href":"https:\/\/radioprimiciapelluhue.cl\/index.php?rest_route=%2Fwp%2Fv2%2Fcategories&post=5573"},{"taxonomy":"post_tag","embeddable":true,"href":"https:\/\/radioprimiciapelluhue.cl\/index.php?rest_route=%2Fwp%2Fv2%2Ftags&post=5573"}],"curies":[{"name":"wp","href":"https:\/\/api.w.org\/{rel}","templated":true}]}}