{"id":5679,"date":"2023-10-04T19:45:45","date_gmt":"2023-10-04T23:45:45","guid":{"rendered":"http:\/\/radioprimiciapelluhue.cl\/?p=5679"},"modified":"2023-10-04T19:45:45","modified_gmt":"2023-10-04T23:45:45","slug":"fin-a-propuestas-de-nueva-constitucion","status":"publish","type":"post","link":"https:\/\/radioprimiciapelluhue.cl\/?p=5679","title":{"rendered":"Fin a Propuestas de Nueva Constituci\u00f3n"},"content":{"rendered":"\n<p>Finalizo el proceso Constituyente, hoy se voto el \u00faltimo de los proyectos que se proponen para ser incorporados o modificados en la Constituci\u00f3n que deber\u00e1 ser votada el d\u00eda 17 de diciembre de 2023.<\/p>\n\n\n\n<p>Este texto a\u00fan puede sufrir modificaciones, ya que la&nbsp;<a href=\"https:\/\/www.emol.com\/especiales\/2023\/nacional\/proceso-constitucional\/comision-experta.asp\">Comisi\u00f3n Experta<\/a>&nbsp;puede hacer observaciones que luego ser\u00e1n debatidas por una Comisi\u00f3n Mixta, encargada de presentar soluciones.<\/p>\n\n\n\n<p>A continuaci\u00f3n, podr\u00e1 revisar todos los&nbsp;art\u00edculos que fueron aprobados en el Consejo Constitucional.<\/p>\n\n\n\n<p>Fuente: emol.cl<\/p>\n\n\n\n<p><a href=\"https:\/\/www.emol.com\/especiales\/2023\/nacional\/proceso-constitucional\/propuesta-constitucion.asp\">https:\/\/www.emol.com\/especiales\/2023\/nacional\/proceso-constitucional\/propuesta-constitucion.asp<\/a><\/p>\n\n\n\n<figure class=\"wp-block-image size-full\"><a href=\"http:\/\/radioprimiciapelluhue.cl\/wp-content\/uploads\/2023\/10\/image-8.png\"><img loading=\"lazy\" decoding=\"async\" width=\"921\" height=\"446\" src=\"http:\/\/radioprimiciapelluhue.cl\/wp-content\/uploads\/2023\/10\/image-8.png\" alt=\"\" class=\"wp-image-5680\" srcset=\"https:\/\/radioprimiciapelluhue.cl\/wp-content\/uploads\/2023\/10\/image-8.png 921w, https:\/\/radioprimiciapelluhue.cl\/wp-content\/uploads\/2023\/10\/image-8-300x145.png 300w, https:\/\/radioprimiciapelluhue.cl\/wp-content\/uploads\/2023\/10\/image-8-768x372.png 768w\" sizes=\"auto, (max-width: 921px) 100vw, 921px\" \/><\/a><\/figure>\n","protected":false},"excerpt":{"rendered":"<p>Finalizo el proceso Constituyente, hoy se voto el \u00faltimo de los proyectos que se proponen para ser incorporados o modificados en la Constituci\u00f3n que deber\u00e1 ser votada el d\u00eda 17 de diciembre de 2023. Este texto a\u00fan puede sufrir modificaciones, ya que la&nbsp;Comisi\u00f3n Experta&nbsp;puede hacer observaciones que luego ser\u00e1n debatidas por una Comisi\u00f3n Mixta, encargada [&hellip;]<\/p>\n","protected":false},"author":1,"featured_media":5549,"comment_status":"closed","ping_status":"closed","sticky":false,"template":"","format":"standard","meta":{"footnotes":""},"categories":[60],"tags":[],"class_list":["post-5679","post","type-post","status-publish","format-standard","has-post-thumbnail","hentry","category-politica"],"_links":{"self":[{"href":"https:\/\/radioprimiciapelluhue.cl\/index.php?rest_route=\/wp\/v2\/posts\/5679","targetHints":{"allow":["GET"]}}],"collection":[{"href":"https:\/\/radioprimiciapelluhue.cl\/index.php?rest_route=\/wp\/v2\/posts"}],"about":[{"href":"https:\/\/radioprimiciapelluhue.cl\/index.php?rest_route=\/wp\/v2\/types\/post"}],"author":[{"embeddable":true,"href":"https:\/\/radioprimiciapelluhue.cl\/index.php?rest_route=\/wp\/v2\/users\/1"}],"replies":[{"embeddable":true,"href":"https:\/\/radioprimiciapelluhue.cl\/index.php?rest_route=%2Fwp%2Fv2%2Fcomments&post=5679"}],"version-history":[{"count":1,"href":"https:\/\/radioprimiciapelluhue.cl\/index.php?rest_route=\/wp\/v2\/posts\/5679\/revisions"}],"predecessor-version":[{"id":5681,"href":"https:\/\/radioprimiciapelluhue.cl\/index.php?rest_route=\/wp\/v2\/posts\/5679\/revisions\/5681"}],"wp:featuredmedia":[{"embeddable":true,"href":"https:\/\/radioprimiciapelluhue.cl\/index.php?rest_route=\/wp\/v2\/media\/5549"}],"wp:attachment":[{"href":"https:\/\/radioprimiciapelluhue.cl\/index.php?rest_route=%2Fwp%2Fv2%2Fmedia&parent=5679"}],"wp:term":[{"taxonomy":"category","embeddable":true,"href":"https:\/\/radioprimiciapelluhue.cl\/index.php?rest_route=%2Fwp%2Fv2%2Fcategories&post=5679"},{"taxonomy":"post_tag","embeddable":true,"href":"https:\/\/radioprimiciapelluhue.cl\/index.php?rest_route=%2Fwp%2Fv2%2Ftags&post=5679"}],"curies":[{"name":"wp","href":"https:\/\/api.w.org\/{rel}","templated":true}]}}