{"id":6225,"date":"2026-04-27T12:18:49","date_gmt":"2026-04-27T16:18:49","guid":{"rendered":"https:\/\/radioprimiciapelluhue.cl\/?p=6225"},"modified":"2026-04-27T12:18:50","modified_gmt":"2026-04-27T16:18:50","slug":"feliz-aniversario-carabineros-de-chile-celebra-su-99-aniversario","status":"publish","type":"post","link":"https:\/\/radioprimiciapelluhue.cl\/?p=6225","title":{"rendered":"Feliz aniversario Carabineros de Chile celebra su 99\u00b0 aniversario"},"content":{"rendered":"\n<p>hoy Lunes 27 de abril de 2026, conmemorando su fundaci\u00f3n en 1927 por Carlos Ib\u00e1\u00f1ez del Campo. La instituci\u00f3n, arraigada en la seguridad p\u00fablica, inicia su \u00abCamino al Centenario\u00bb, destacando su labor de servicio, compromiso constante y patrullajes mixtos con municipios.<\/p>\n\n\n\n<p>Detalles Clave del 99\u00b0 Aniversario:<\/p>\n\n\n\n<p>Fundaci\u00f3n: 27 de abril de 1927.<\/p>\n\n\n\n<p>Foco del 99\u00b0 a\u00f1o: El General Director destac\u00f3 la preparaci\u00f3n para el centenario (100 a\u00f1os) y la vocaci\u00f3n de servicio.<\/p>\n\n\n\n<p>Celebraciones: Incluyen izamientos de bandera, misas, desfiles c\u00edvico-militares, y saludos de diversas autoridades institucionales.<\/p>\n\n\n\n<p>Refuerzo de Seguridad: Se resalta la colaboraci\u00f3n con municipios, como el convenio OS-14 para patrullas mixtas.<\/p>\n\n\n\n<p>Las actividades de este aniversario, como el emotivo izamiento y las misas conmemorativas, reflejan la historia y el compromiso continuo de la polic\u00eda uniformada con el pa\u00eds<\/p>\n\n\n\n<figure class=\"wp-block-image size-large\"><a href=\"https:\/\/radioprimiciapelluhue.cl\/wp-content\/uploads\/2026\/04\/681544797_1390119846475721_7018094790091256582_n.jpg\"><img loading=\"lazy\" decoding=\"async\" width=\"1024\" height=\"881\" src=\"https:\/\/radioprimiciapelluhue.cl\/wp-content\/uploads\/2026\/04\/681544797_1390119846475721_7018094790091256582_n-1024x881.jpg\" alt=\"\" class=\"wp-image-6226\" srcset=\"https:\/\/radioprimiciapelluhue.cl\/wp-content\/uploads\/2026\/04\/681544797_1390119846475721_7018094790091256582_n-1024x881.jpg 1024w, https:\/\/radioprimiciapelluhue.cl\/wp-content\/uploads\/2026\/04\/681544797_1390119846475721_7018094790091256582_n-300x258.jpg 300w, https:\/\/radioprimiciapelluhue.cl\/wp-content\/uploads\/2026\/04\/681544797_1390119846475721_7018094790091256582_n-768x661.jpg 768w, https:\/\/radioprimiciapelluhue.cl\/wp-content\/uploads\/2026\/04\/681544797_1390119846475721_7018094790091256582_n.jpg 1290w\" sizes=\"auto, (max-width: 1024px) 100vw, 1024px\" \/><\/a><\/figure>\n","protected":false},"excerpt":{"rendered":"<p>hoy Lunes 27 de abril de 2026, conmemorando su fundaci\u00f3n en 1927 por Carlos Ib\u00e1\u00f1ez del Campo. La instituci\u00f3n, arraigada en la seguridad p\u00fablica, inicia su \u00abCamino al Centenario\u00bb, destacando su labor de servicio, compromiso constante y patrullajes mixtos con municipios. Detalles Clave del 99\u00b0 Aniversario: Fundaci\u00f3n: 27 de abril de 1927. Foco del 99\u00b0 [&hellip;]<\/p>\n","protected":false},"author":1,"featured_media":6206,"comment_status":"closed","ping_status":"closed","sticky":false,"template":"","format":"standard","meta":{"footnotes":""},"categories":[59],"tags":[],"class_list":["post-6225","post","type-post","status-publish","format-standard","has-post-thumbnail","hentry","category-policial"],"_links":{"self":[{"href":"https:\/\/radioprimiciapelluhue.cl\/index.php?rest_route=\/wp\/v2\/posts\/6225","targetHints":{"allow":["GET"]}}],"collection":[{"href":"https:\/\/radioprimiciapelluhue.cl\/index.php?rest_route=\/wp\/v2\/posts"}],"about":[{"href":"https:\/\/radioprimiciapelluhue.cl\/index.php?rest_route=\/wp\/v2\/types\/post"}],"author":[{"embeddable":true,"href":"https:\/\/radioprimiciapelluhue.cl\/index.php?rest_route=\/wp\/v2\/users\/1"}],"replies":[{"embeddable":true,"href":"https:\/\/radioprimiciapelluhue.cl\/index.php?rest_route=%2Fwp%2Fv2%2Fcomments&post=6225"}],"version-history":[{"count":1,"href":"https:\/\/radioprimiciapelluhue.cl\/index.php?rest_route=\/wp\/v2\/posts\/6225\/revisions"}],"predecessor-version":[{"id":6227,"href":"https:\/\/radioprimiciapelluhue.cl\/index.php?rest_route=\/wp\/v2\/posts\/6225\/revisions\/6227"}],"wp:featuredmedia":[{"embeddable":true,"href":"https:\/\/radioprimiciapelluhue.cl\/index.php?rest_route=\/wp\/v2\/media\/6206"}],"wp:attachment":[{"href":"https:\/\/radioprimiciapelluhue.cl\/index.php?rest_route=%2Fwp%2Fv2%2Fmedia&parent=6225"}],"wp:term":[{"taxonomy":"category","embeddable":true,"href":"https:\/\/radioprimiciapelluhue.cl\/index.php?rest_route=%2Fwp%2Fv2%2Fcategories&post=6225"},{"taxonomy":"post_tag","embeddable":true,"href":"https:\/\/radioprimiciapelluhue.cl\/index.php?rest_route=%2Fwp%2Fv2%2Ftags&post=6225"}],"curies":[{"name":"wp","href":"https:\/\/api.w.org\/{rel}","templated":true}]}}