{"id":6228,"date":"2026-05-01T10:42:34","date_gmt":"2026-05-01T14:42:34","guid":{"rendered":"https:\/\/radioprimiciapelluhue.cl\/?p=6228"},"modified":"2026-05-01T10:42:54","modified_gmt":"2026-05-01T14:42:54","slug":"dia-del-trabajo","status":"publish","type":"post","link":"https:\/\/radioprimiciapelluhue.cl\/?p=6228","title":{"rendered":"FEL\u00cdZ D\u00cdA DEL TRABAJO"},"content":{"rendered":"\n<p>El D\u00eda del Trabajador, conmemorado el 1 de mayo, <mark>honra la lucha hist\u00f3rica de los obreros por derechos laborales justos, espec\u00edficamente la reducci\u00f3n de la jornada a ocho horas<\/mark>. La fecha recuerda la <strong>Revuelta de Haymarket en Chicago de 1886<\/strong>, donde miles de trabajadores iniciaron huelgas y sufrieron una brutal represi\u00f3n, resultando en la ejecuci\u00f3n de los conocidos como \u00abM\u00e1rtires de Chicago\u00bb. <\/p>\n\n\n\n<p><strong>Puntos clave sobre su origen:<\/strong><\/p>\n\n\n\n<ul class=\"wp-block-list\">\n<li><strong>Contexto de 1886:<\/strong> En EE.UU., las jornadas laborales pod\u00edan superar las 14-16 horas diarias. La consigna era: <em>\u00abOcho horas de trabajo, ocho de descanso y ocho de recreaci\u00f3n\u00bb<\/em>.<\/li>\n\n\n\n<li><strong>La revuelta:<\/strong> La protesta del 1 de mayo en Chicago termin\u00f3 en enfrentamientos violentos y una represi\u00f3n severa, provocando la muerte de trabajadores.<\/li>\n\n\n\n<li><strong>Homenaje mundial:<\/strong> En 1889, el Congreso Obrero Socialista de Par\u00eds declar\u00f3 el 1 de mayo como el D\u00eda Internacional de los Trabajadores para conmemorar a los m\u00e1rtires.<\/li>\n\n\n\n<li><strong>Significado:<\/strong> Es un d\u00eda de reivindicaci\u00f3n de derechos, reflexi\u00f3n sobre las condiciones laborales y homenaje a la lucha obrera mundial. <\/li>\n<\/ul>\n\n\n\n<p>En muchos pa\u00edses, como Chile, este d\u00eda est\u00e1 consolidado como un feriado irrenunciable. <\/p>\n\n\n\n<figure class=\"wp-block-image size-full\"><a href=\"https:\/\/radioprimiciapelluhue.cl\/wp-content\/uploads\/2026\/05\/495000600_1089348206552888_1507506947943043022_n.jpg\"><img loading=\"lazy\" decoding=\"async\" width=\"1024\" height=\"870\" src=\"https:\/\/radioprimiciapelluhue.cl\/wp-content\/uploads\/2026\/05\/495000600_1089348206552888_1507506947943043022_n.jpg\" alt=\"\" class=\"wp-image-6229\" srcset=\"https:\/\/radioprimiciapelluhue.cl\/wp-content\/uploads\/2026\/05\/495000600_1089348206552888_1507506947943043022_n.jpg 1024w, https:\/\/radioprimiciapelluhue.cl\/wp-content\/uploads\/2026\/05\/495000600_1089348206552888_1507506947943043022_n-300x255.jpg 300w, https:\/\/radioprimiciapelluhue.cl\/wp-content\/uploads\/2026\/05\/495000600_1089348206552888_1507506947943043022_n-768x653.jpg 768w\" sizes=\"auto, (max-width: 1024px) 100vw, 1024px\" \/><\/a><\/figure>\n","protected":false},"excerpt":{"rendered":"<p>El D\u00eda del Trabajador, conmemorado el 1 de mayo, honra la lucha hist\u00f3rica de los obreros por derechos laborales justos, espec\u00edficamente la reducci\u00f3n de la jornada a ocho horas. La fecha recuerda la Revuelta de Haymarket en Chicago de 1886, donde miles de trabajadores iniciaron huelgas y sufrieron una brutal represi\u00f3n, resultando en la ejecuci\u00f3n [&hellip;]<\/p>\n","protected":false},"author":1,"featured_media":6229,"comment_status":"closed","ping_status":"closed","sticky":false,"template":"","format":"standard","meta":{"footnotes":""},"categories":[62],"tags":[],"class_list":["post-6228","post","type-post","status-publish","format-standard","has-post-thumbnail","hentry","category-efemerides"],"_links":{"self":[{"href":"https:\/\/radioprimiciapelluhue.cl\/index.php?rest_route=\/wp\/v2\/posts\/6228","targetHints":{"allow":["GET"]}}],"collection":[{"href":"https:\/\/radioprimiciapelluhue.cl\/index.php?rest_route=\/wp\/v2\/posts"}],"about":[{"href":"https:\/\/radioprimiciapelluhue.cl\/index.php?rest_route=\/wp\/v2\/types\/post"}],"author":[{"embeddable":true,"href":"https:\/\/radioprimiciapelluhue.cl\/index.php?rest_route=\/wp\/v2\/users\/1"}],"replies":[{"embeddable":true,"href":"https:\/\/radioprimiciapelluhue.cl\/index.php?rest_route=%2Fwp%2Fv2%2Fcomments&post=6228"}],"version-history":[{"count":2,"href":"https:\/\/radioprimiciapelluhue.cl\/index.php?rest_route=\/wp\/v2\/posts\/6228\/revisions"}],"predecessor-version":[{"id":6231,"href":"https:\/\/radioprimiciapelluhue.cl\/index.php?rest_route=\/wp\/v2\/posts\/6228\/revisions\/6231"}],"wp:featuredmedia":[{"embeddable":true,"href":"https:\/\/radioprimiciapelluhue.cl\/index.php?rest_route=\/wp\/v2\/media\/6229"}],"wp:attachment":[{"href":"https:\/\/radioprimiciapelluhue.cl\/index.php?rest_route=%2Fwp%2Fv2%2Fmedia&parent=6228"}],"wp:term":[{"taxonomy":"category","embeddable":true,"href":"https:\/\/radioprimiciapelluhue.cl\/index.php?rest_route=%2Fwp%2Fv2%2Fcategories&post=6228"},{"taxonomy":"post_tag","embeddable":true,"href":"https:\/\/radioprimiciapelluhue.cl\/index.php?rest_route=%2Fwp%2Fv2%2Ftags&post=6228"}],"curies":[{"name":"wp","href":"https:\/\/api.w.org\/{rel}","templated":true}]}}