{"id":6232,"date":"2026-05-02T14:21:26","date_gmt":"2026-05-02T18:21:26","guid":{"rendered":"https:\/\/radioprimiciapelluhue.cl\/?p=6232"},"modified":"2026-05-02T14:21:26","modified_gmt":"2026-05-02T18:21:26","slug":"gobierno-regional-del-maule-y-el-fosis-apoyan-a-emprendimientos-danados-por-temporales-e-inundaciones","status":"publish","type":"post","link":"https:\/\/radioprimiciapelluhue.cl\/?p=6232","title":{"rendered":"Gobierno Regional del Maule y el FOSIS apoyan a emprendimientos da\u00f1ados por temporales e inundaciones"},"content":{"rendered":"\n<p>Gracias al financiamiento del Gobierno Regional del Maule y la ejecuci\u00f3n del Fondo de Solidaridad e Inversi\u00f3n Social, FOSIS, el Programa Emprendamos Emergencia Temporal est\u00e1 apoyando a 503 usuarios y usuarias de las 30 comunas de nuestra regi\u00f3n, cuyas viviendas e infraestructuras productivas resultaron parcial o totalmente da\u00f1adas a ra\u00edz de los temporales e inundaciones de 2023, presentando posteriormente dificultades para mantener en marcha sus respectivos emprendimientos, negocios o fuentes de generaci\u00f3n de ingresos.<\/p>\n\n\n\n<p>Tal es el caso de Carlos Alberto Ram\u00edrez Garc\u00eda, quien fue visitado en su taller por el Seremi de Desarrollo Social y Familia, Pablo Olivares Orellana, a objeto de comprobar en terreno la pertinencia e impacto de este respaldo brindado por el GORE y el FOSIS, como asimismo el correcto uso y destinaci\u00f3n de los recursos otorgados.<\/p>\n\n\n\n<p>A sus 53 a\u00f1os, Carlos reside en Villa Alegre, pero tiene su Taller Arte Dise\u00f1o en la vecina comuna de San Javier, sector Vaquer\u00eda. Desde hace 20 a\u00f1os su emprendimiento apunta a la elaboraci\u00f3n de piezas de madera y artesan\u00edas, adem\u00e1s de restauraciones con material reciclado, utilizando t\u00e9cnicas de tallado y forjas en fierro.<\/p>\n\n\n\n<p>Lamentablemente en 2023 fue v\u00edctima de un accidente de tr\u00e1nsito que le signific\u00f3 la amputaci\u00f3n de ambas piernas, situaci\u00f3n que lo obliga a desplazarse en silla de ruedas. Meses m\u00e1s tarde, y para peor, su antiguo taller se inund\u00f3 por completo, perdiendo sus maquinarias, insumos e infraestructura.<\/p>\n\n\n\n<p>\u201cEl 2023 fue fatal para m\u00ed. Primero, en verano sufr\u00ed un accidente que me signific\u00f3 quedar en silla de ruedas, y despu\u00e9s en invierno como broche de oro perd\u00ed todo en mi taller con las inundaciones, que mojaron todo y generaron un desastre. Con el apoyo del Gobierno Regional y el FOSIS logr\u00e9 darle vida a mi nuevo taller y resurgir, ya que obtuve financiamiento para comprar mesones, herramientas inal\u00e1mbricas y mucho m\u00e1s para poder surgir\u201d.<\/p>\n\n\n\n<p>Gracias a este programa recibi\u00f3 formaciones grupales, capacitaciones y asesor\u00edas individuales, adem\u00e1s de una inversi\u00f3n de 800 mil pesos para adquirir herramientas como fresadora, tornillo banco, sierra, esmeril, cargador y mini laser, adem\u00e1s de materiales de habilitaci\u00f3n de infraestructura como perfiles met\u00e1licos, terciado, planchas de OSB, ruedas y pivote, e insumos para soldadura, pudiendo retomar normalmente su productividad y recuperando los ingresos econ\u00f3micos que le permiten solventar los gastos de su hogar y familia.<\/p>\n\n\n\n<p>\u201cCarlos le ha sacado un provecho incre\u00edble a este apoyo que han dado el Gobierno Regional y el FOSIS. Es un cambio incre\u00edble el que se est\u00e1 gestando en la forma de hacer su negocio, el cual va a seguir creciendo y escalando porque pudimos comprobar su resiliencia y su capacidad de seguir adelante y eso es lo que \u00e9l inspira, siendo el reflejo del emprendimiento en nuestra regi\u00f3n y Chile en general, ya que ellos son el motor de la econom\u00eda\u201d, a\u00f1adi\u00f3 el Seremi Olivares.<\/p>\n\n\n\n<p>A su vez, el Gobernador del Maule, Pedro Pablo \u00c1lvarez-Salamanca Ram\u00edrez, sell\u00f3 esbozando que \u201chistorias como la de don Carlos de verdad conmueven profundamente. \u00c9l perdi\u00f3 todo con las inundaciones y desde el Gobierno Regional estamos colaborando con recursos importantes, no s\u00f3lo para \u00e9l sino que para muchos emprendedores m\u00e1s y lo estamos canalizando a trav\u00e9s del FOSIS para llegar adecuadamente a quienes m\u00e1s lo necesitan\u201d.<\/p>\n\n\n\n<figure class=\"wp-block-image size-large\"><a href=\"https:\/\/radioprimiciapelluhue.cl\/wp-content\/uploads\/2026\/05\/DSC_2072.jpg\"><img loading=\"lazy\" decoding=\"async\" width=\"1024\" height=\"768\" src=\"https:\/\/radioprimiciapelluhue.cl\/wp-content\/uploads\/2026\/05\/DSC_2072-1024x768.jpg\" alt=\"\" class=\"wp-image-6233\" srcset=\"https:\/\/radioprimiciapelluhue.cl\/wp-content\/uploads\/2026\/05\/DSC_2072-1024x768.jpg 1024w, https:\/\/radioprimiciapelluhue.cl\/wp-content\/uploads\/2026\/05\/DSC_2072-300x225.jpg 300w, https:\/\/radioprimiciapelluhue.cl\/wp-content\/uploads\/2026\/05\/DSC_2072-768x576.jpg 768w, https:\/\/radioprimiciapelluhue.cl\/wp-content\/uploads\/2026\/05\/DSC_2072-1536x1152.jpg 1536w, https:\/\/radioprimiciapelluhue.cl\/wp-content\/uploads\/2026\/05\/DSC_2072.jpg 2016w\" sizes=\"auto, (max-width: 1024px) 100vw, 1024px\" \/><\/a><\/figure>\n\n\n\n\n\n<figure class=\"wp-block-image size-large\"><a href=\"https:\/\/radioprimiciapelluhue.cl\/wp-content\/uploads\/2026\/05\/DSC_2074.jpg\"><img loading=\"lazy\" decoding=\"async\" width=\"1024\" height=\"768\" src=\"https:\/\/radioprimiciapelluhue.cl\/wp-content\/uploads\/2026\/05\/DSC_2074-1024x768.jpg\" alt=\"\" class=\"wp-image-6234\" srcset=\"https:\/\/radioprimiciapelluhue.cl\/wp-content\/uploads\/2026\/05\/DSC_2074-1024x768.jpg 1024w, https:\/\/radioprimiciapelluhue.cl\/wp-content\/uploads\/2026\/05\/DSC_2074-300x225.jpg 300w, https:\/\/radioprimiciapelluhue.cl\/wp-content\/uploads\/2026\/05\/DSC_2074-768x576.jpg 768w, https:\/\/radioprimiciapelluhue.cl\/wp-content\/uploads\/2026\/05\/DSC_2074-1536x1152.jpg 1536w, https:\/\/radioprimiciapelluhue.cl\/wp-content\/uploads\/2026\/05\/DSC_2074.jpg 2016w\" sizes=\"auto, (max-width: 1024px) 100vw, 1024px\" \/><\/a><\/figure>\n\n\n\n<figure class=\"wp-block-image size-large\"><a href=\"https:\/\/radioprimiciapelluhue.cl\/wp-content\/uploads\/2026\/05\/DSC_2076.jpg\"><img loading=\"lazy\" decoding=\"async\" width=\"1024\" height=\"768\" src=\"https:\/\/radioprimiciapelluhue.cl\/wp-content\/uploads\/2026\/05\/DSC_2076-1024x768.jpg\" alt=\"\" class=\"wp-image-6235\" srcset=\"https:\/\/radioprimiciapelluhue.cl\/wp-content\/uploads\/2026\/05\/DSC_2076-1024x768.jpg 1024w, https:\/\/radioprimiciapelluhue.cl\/wp-content\/uploads\/2026\/05\/DSC_2076-300x225.jpg 300w, https:\/\/radioprimiciapelluhue.cl\/wp-content\/uploads\/2026\/05\/DSC_2076-768x576.jpg 768w, https:\/\/radioprimiciapelluhue.cl\/wp-content\/uploads\/2026\/05\/DSC_2076-1536x1152.jpg 1536w, https:\/\/radioprimiciapelluhue.cl\/wp-content\/uploads\/2026\/05\/DSC_2076.jpg 2016w\" sizes=\"auto, (max-width: 1024px) 100vw, 1024px\" \/><\/a><\/figure>\n\n\n\n<figure class=\"wp-block-image size-large\"><a href=\"https:\/\/radioprimiciapelluhue.cl\/wp-content\/uploads\/2026\/05\/DSC_2079.jpg\"><img loading=\"lazy\" decoding=\"async\" width=\"1024\" height=\"768\" src=\"https:\/\/radioprimiciapelluhue.cl\/wp-content\/uploads\/2026\/05\/DSC_2079-1024x768.jpg\" alt=\"\" class=\"wp-image-6236\" srcset=\"https:\/\/radioprimiciapelluhue.cl\/wp-content\/uploads\/2026\/05\/DSC_2079-1024x768.jpg 1024w, https:\/\/radioprimiciapelluhue.cl\/wp-content\/uploads\/2026\/05\/DSC_2079-300x225.jpg 300w, https:\/\/radioprimiciapelluhue.cl\/wp-content\/uploads\/2026\/05\/DSC_2079-768x576.jpg 768w, https:\/\/radioprimiciapelluhue.cl\/wp-content\/uploads\/2026\/05\/DSC_2079-1536x1152.jpg 1536w, https:\/\/radioprimiciapelluhue.cl\/wp-content\/uploads\/2026\/05\/DSC_2079.jpg 2016w\" sizes=\"auto, (max-width: 1024px) 100vw, 1024px\" \/><\/a><\/figure>\n","protected":false},"excerpt":{"rendered":"<p>Gracias al financiamiento del Gobierno Regional del Maule y la ejecuci\u00f3n del Fondo de Solidaridad e Inversi\u00f3n Social, FOSIS, el Programa Emprendamos Emergencia Temporal est\u00e1 apoyando a 503 usuarios y usuarias de las 30 comunas de nuestra regi\u00f3n, cuyas viviendas e infraestructuras productivas resultaron parcial o totalmente da\u00f1adas a ra\u00edz de los temporales e inundaciones [&hellip;]<\/p>\n","protected":false},"author":1,"featured_media":6237,"comment_status":"closed","ping_status":"closed","sticky":false,"template":"","format":"standard","meta":{"footnotes":""},"categories":[2],"tags":[],"class_list":["post-6232","post","type-post","status-publish","format-standard","has-post-thumbnail","hentry","category-noticias"],"_links":{"self":[{"href":"https:\/\/radioprimiciapelluhue.cl\/index.php?rest_route=\/wp\/v2\/posts\/6232","targetHints":{"allow":["GET"]}}],"collection":[{"href":"https:\/\/radioprimiciapelluhue.cl\/index.php?rest_route=\/wp\/v2\/posts"}],"about":[{"href":"https:\/\/radioprimiciapelluhue.cl\/index.php?rest_route=\/wp\/v2\/types\/post"}],"author":[{"embeddable":true,"href":"https:\/\/radioprimiciapelluhue.cl\/index.php?rest_route=\/wp\/v2\/users\/1"}],"replies":[{"embeddable":true,"href":"https:\/\/radioprimiciapelluhue.cl\/index.php?rest_route=%2Fwp%2Fv2%2Fcomments&post=6232"}],"version-history":[{"count":1,"href":"https:\/\/radioprimiciapelluhue.cl\/index.php?rest_route=\/wp\/v2\/posts\/6232\/revisions"}],"predecessor-version":[{"id":6238,"href":"https:\/\/radioprimiciapelluhue.cl\/index.php?rest_route=\/wp\/v2\/posts\/6232\/revisions\/6238"}],"wp:featuredmedia":[{"embeddable":true,"href":"https:\/\/radioprimiciapelluhue.cl\/index.php?rest_route=\/wp\/v2\/media\/6237"}],"wp:attachment":[{"href":"https:\/\/radioprimiciapelluhue.cl\/index.php?rest_route=%2Fwp%2Fv2%2Fmedia&parent=6232"}],"wp:term":[{"taxonomy":"category","embeddable":true,"href":"https:\/\/radioprimiciapelluhue.cl\/index.php?rest_route=%2Fwp%2Fv2%2Fcategories&post=6232"},{"taxonomy":"post_tag","embeddable":true,"href":"https:\/\/radioprimiciapelluhue.cl\/index.php?rest_route=%2Fwp%2Fv2%2Ftags&post=6232"}],"curies":[{"name":"wp","href":"https:\/\/api.w.org\/{rel}","templated":true}]}}