{"id":6574,"date":"2026-09-02T14:16:36","date_gmt":"2026-09-02T18:16:36","guid":{"rendered":"https:\/\/radioprimiciapelluhue.cl\/?p=6574"},"modified":"2026-09-02T14:16:37","modified_gmt":"2026-09-02T18:16:37","slug":"reiteran-llamado-a-prestadores-de-servicios-turisticos-a-postular-a-maule-day","status":"publish","type":"post","link":"https:\/\/radioprimiciapelluhue.cl\/?p=6574","title":{"rendered":"Reiteran llamado a prestadores de servicios tur\u00edsticos a postular a Maule Day"},"content":{"rendered":"\n<figure class=\"wp-block-image size-full is-resized\"><a href=\"https:\/\/radioprimiciapelluhue.cl\/wp-content\/uploads\/2026\/09\/Captura-de-pantalla-2026-09-02-141447.png\"><img loading=\"lazy\" decoding=\"async\" width=\"486\" height=\"382\" src=\"https:\/\/radioprimiciapelluhue.cl\/wp-content\/uploads\/2026\/09\/Captura-de-pantalla-2026-09-02-141447.png\" alt=\"\" class=\"wp-image-6575\" style=\"aspect-ratio:1.2722624452898106;width:840px;height:auto\" srcset=\"https:\/\/radioprimiciapelluhue.cl\/wp-content\/uploads\/2026\/09\/Captura-de-pantalla-2026-09-02-141447.png 486w, https:\/\/radioprimiciapelluhue.cl\/wp-content\/uploads\/2026\/09\/Captura-de-pantalla-2026-09-02-141447-300x236.png 300w\" sizes=\"auto, (max-width: 486px) 100vw, 486px\" \/><\/a><\/figure>\n\n\n\n<p class=\"wp-block-paragraph\">*A pocos d\u00edas del cierre de inscripciones, la CRDP Maule y la Direcci\u00f3n regional de Sernatur, reforzaron la convocatoria dirigida a operadores y prestadores de servicios tur\u00edsticos de la regi\u00f3n para ser parte de esta instancia de vinculaci\u00f3n comercial.<\/p>\n\n\n\n<p class=\"wp-block-paragraph\">Este mi\u00e9rcoles 2 de septiembre finaliza el proceso de postulaci\u00f3n a Maule Day \u201cDescubre, siente y vive el Maule\u201d, iniciativa que busca impulsar el desarrollo econ\u00f3mico local y fortalecer la visibilidad de los emprendimientos y servicios vinculados al turismo regional mediante ruedas de negocios y espacios de networking.<\/p>\n\n\n\n<p class=\"wp-block-paragraph\">Con el objetivo de potenciar la oferta tur\u00edstica local y generar nuevas alianzas estrat\u00e9gicas, la Corporaci\u00f3n Regional de Desarrollo Productivo (CRDP Maule), junto a SERNATUR, abri\u00f3 la convocatoria el pasado viernes 21 de agosto, haciendo un llamado a operadores y prestadores de servicios tur\u00edsticos de la Regi\u00f3n del Maule a sumarse a la iniciativa.<\/p>\n\n\n\n<p class=\"wp-block-paragraph\">Quienes sean parte de Maule Day podr\u00e1n participar de una completa agenda enfocada en el networking, ruedas de negocios y din\u00e1micas de vinculaci\u00f3n comercial. La actividad se desarrollar\u00e1 el mi\u00e9rcoles 9 de septiembre, a partir de las 14:00 horas, en el Valle de Curic\u00f3.<\/p>\n\n\n\n<p class=\"wp-block-paragraph\">Ante la proximidad del cierre de las postulaciones, Fabi\u00e1n Meza, director ejecutivo de la CRDP Maule, reiter\u00f3 la invitaci\u00f3n: \u201cEsta es una tremenda oportunidad que entrega la CRDP Maule junto a Sernatur, y no queremos que nadie quede fuera (&#8230;) Uno de los objetivos de la Corporaci\u00f3n, presidida por el gobernador Pedro Pablo \u00c1lvarez-Salamanca, es apoyar a quienes contribuyen al desarrollo de la econom\u00eda de la Regi\u00f3n del Maule\u201d.<\/p>\n\n\n\n<p class=\"wp-block-paragraph\">Por su parte, la Directora de Sernatur Maule, Alejandra Casanova, se sum\u00f3 a las palabras del Director de la CRDP, llamando \u201ca nuestros prestadores tur\u00edsticos regionales aprovechando estos \u00faltimos d\u00edas de convocatoria\u201d.<\/p>\n\n\n\n<p class=\"wp-block-paragraph\">Link de inscripci\u00f3n: <a href=\"https:\/\/docs.google.com\/forms\/d\/e\/1FAIpQLScq9vJ65Mg208Pn9rOOdHb7nCszBSz9q6rjnaYKFjVqvrUY7g\/viewform\" rel=\"noopener\" target=\"_blank\">https:\/\/docs.google.com\/&#8230;\/1FAIpQLScq9vJ65Mg208&#8230;\/viewform<\/a><\/p>\n","protected":false},"excerpt":{"rendered":"<p>*A pocos d\u00edas del cierre de inscripciones, la CRDP Maule y la Direcci\u00f3n regional de Sernatur, reforzaron la convocatoria dirigida a operadores y prestadores de servicios tur\u00edsticos de la regi\u00f3n para ser parte de esta instancia de vinculaci\u00f3n comercial. Este mi\u00e9rcoles 2 de septiembre finaliza el proceso de postulaci\u00f3n a Maule Day \u201cDescubre, siente y [&hellip;]<\/p>\n","protected":false},"author":1,"featured_media":6576,"comment_status":"closed","ping_status":"closed","sticky":false,"template":"","format":"standard","meta":{"footnotes":""},"categories":[2],"tags":[],"class_list":["post-6574","post","type-post","status-publish","format-standard","has-post-thumbnail","hentry","category-noticias"],"_links":{"self":[{"href":"https:\/\/radioprimiciapelluhue.cl\/index.php?rest_route=\/wp\/v2\/posts\/6574","targetHints":{"allow":["GET"]}}],"collection":[{"href":"https:\/\/radioprimiciapelluhue.cl\/index.php?rest_route=\/wp\/v2\/posts"}],"about":[{"href":"https:\/\/radioprimiciapelluhue.cl\/index.php?rest_route=\/wp\/v2\/types\/post"}],"author":[{"embeddable":true,"href":"https:\/\/radioprimiciapelluhue.cl\/index.php?rest_route=\/wp\/v2\/users\/1"}],"replies":[{"embeddable":true,"href":"https:\/\/radioprimiciapelluhue.cl\/index.php?rest_route=%2Fwp%2Fv2%2Fcomments&post=6574"}],"version-history":[{"count":1,"href":"https:\/\/radioprimiciapelluhue.cl\/index.php?rest_route=\/wp\/v2\/posts\/6574\/revisions"}],"predecessor-version":[{"id":6577,"href":"https:\/\/radioprimiciapelluhue.cl\/index.php?rest_route=\/wp\/v2\/posts\/6574\/revisions\/6577"}],"wp:featuredmedia":[{"embeddable":true,"href":"https:\/\/radioprimiciapelluhue.cl\/index.php?rest_route=\/wp\/v2\/media\/6576"}],"wp:attachment":[{"href":"https:\/\/radioprimiciapelluhue.cl\/index.php?rest_route=%2Fwp%2Fv2%2Fmedia&parent=6574"}],"wp:term":[{"taxonomy":"category","embeddable":true,"href":"https:\/\/radioprimiciapelluhue.cl\/index.php?rest_route=%2Fwp%2Fv2%2Fcategories&post=6574"},{"taxonomy":"post_tag","embeddable":true,"href":"https:\/\/radioprimiciapelluhue.cl\/index.php?rest_route=%2Fwp%2Fv2%2Ftags&post=6574"}],"curies":[{"name":"wp","href":"https:\/\/api.w.org\/{rel}","templated":true}]}}